{"id":3511,"date":"2025-08-26T23:16:55","date_gmt":"2025-08-27T02:16:55","guid":{"rendered":"https:\/\/mundodocarnaval.com.br\/?p=3511"},"modified":"2025-08-26T23:16:55","modified_gmt":"2025-08-27T02:16:55","slug":"academicos-de-niteroi-cadastrara-novos-componentes","status":"publish","type":"post","link":"https:\/\/mundodocarnaval.com.br\/pt_br\/academicos-de-niteroi-cadastrara-novos-componentes\/","title":{"rendered":"Acad\u00eamicos de Niter\u00f3i cadastrar\u00e1 novos componentes"},"content":{"rendered":"<p>Acad\u00eamicos de Niter\u00f3i cadastrar\u00e1 novos componentes da comunidade neste s\u00e1bado, 30<\/p>\n<p>Rumo a estreia no Grupo Especial, a Acad\u00eamicos de Niter\u00f3i anunciou a inscri\u00e7\u00e3o de novas vagas para alas da comunidade. Os interessados em fazer parte do desfile hist\u00f3rico, que homenagear\u00e1 o Presidente da Rep\u00fablica, Luiz In\u00e1cio Lula da Silva, devem comparecer na quadra da escola neste s\u00e1bado, 30 de agosto, \u00e0s 15h, munidos de 1 foto 3&#215;4, xerox do comprovante de resid\u00eancia e RG.<\/p>\n<p>A agremia\u00e7\u00e3o abrir\u00e1 os desfiles do domingo de carnaval, dia 15 de fevereiro, com o enredo &#8220;Do alto do mulungu surge a esperan\u00e7a: Lula, o oper\u00e1rio do Brasil&#8221;, desenvolvido pelo carnavalesco Tiago Martins e enredista Igor Ricardo.<br \/>\nFotos: Gabriel Belmiro <\/p>\n","protected":false},"excerpt":{"rendered":"<p>Acad\u00eamicos de Niter\u00f3i cadastrar\u00e1 novos componentes da comunidade neste s\u00e1bado, 30 Rumo a estreia no Grupo Especial, a Acad\u00eamicos de Niter\u00f3i anunciou a inscri\u00e7\u00e3o de novas vagas para alas da comunidade. Os interessados em fazer parte do desfile hist\u00f3rico, que homenagear\u00e1 o Presidente da Rep\u00fablica, Luiz In\u00e1cio Lula da Silva, devem comparecer na quadra da [&hellip;]<\/p>\n","protected":false},"author":1,"featured_media":3512,"comment_status":"closed","ping_status":"closed","sticky":false,"template":"","format":"standard","meta":{"footnotes":""},"categories":[13],"tags":[],"class_list":["post-3511","post","type-post","status-publish","format-standard","has-post-thumbnail","hentry","category-fashion"],"_links":{"self":[{"href":"https:\/\/mundodocarnaval.com.br\/pt_br\/wp-json\/wp\/v2\/posts\/3511","targetHints":{"allow":["GET"]}}],"collection":[{"href":"https:\/\/mundodocarnaval.com.br\/pt_br\/wp-json\/wp\/v2\/posts"}],"about":[{"href":"https:\/\/mundodocarnaval.com.br\/pt_br\/wp-json\/wp\/v2\/types\/post"}],"author":[{"embeddable":true,"href":"https:\/\/mundodocarnaval.com.br\/pt_br\/wp-json\/wp\/v2\/users\/1"}],"replies":[{"embeddable":true,"href":"https:\/\/mundodocarnaval.com.br\/pt_br\/wp-json\/wp\/v2\/comments?post=3511"}],"version-history":[{"count":1,"href":"https:\/\/mundodocarnaval.com.br\/pt_br\/wp-json\/wp\/v2\/posts\/3511\/revisions"}],"predecessor-version":[{"id":3513,"href":"https:\/\/mundodocarnaval.com.br\/pt_br\/wp-json\/wp\/v2\/posts\/3511\/revisions\/3513"}],"wp:featuredmedia":[{"embeddable":true,"href":"https:\/\/mundodocarnaval.com.br\/pt_br\/wp-json\/wp\/v2\/media\/3512"}],"wp:attachment":[{"href":"https:\/\/mundodocarnaval.com.br\/pt_br\/wp-json\/wp\/v2\/media?parent=3511"}],"wp:term":[{"taxonomy":"category","embeddable":true,"href":"https:\/\/mundodocarnaval.com.br\/pt_br\/wp-json\/wp\/v2\/categories?post=3511"},{"taxonomy":"post_tag","embeddable":true,"href":"https:\/\/mundodocarnaval.com.br\/pt_br\/wp-json\/wp\/v2\/tags?post=3511"}],"curies":[{"name":"wp","href":"https:\/\/api.w.org\/{rel}","templated":true}]}}