{"id":3518,"date":"2025-08-31T10:50:02","date_gmt":"2025-08-31T13:50:02","guid":{"rendered":"https:\/\/mundodocarnaval.com.br\/?p=3518"},"modified":"2025-08-31T10:57:00","modified_gmt":"2025-08-31T13:57:00","slug":"unidos-do-jacarezinho-recebe-paraiso-do-tuiuti","status":"publish","type":"post","link":"https:\/\/mundodocarnaval.com.br\/pt_br\/unidos-do-jacarezinho-recebe-paraiso-do-tuiuti\/","title":{"rendered":"Unidos do Jacarezinho recebe Para\u00edso do Tuiuti"},"content":{"rendered":"<p>Unidos do Jacarezinho recebe Para\u00edso do Tuiuti na coroa\u00e7\u00e3o do rei Jorge Amarelloh neste domingo<\/p>\n<p>Grupo T\u00e1 na Mente, Bruna Oliveira e Rafael Bernini completam as atra\u00e7\u00f5es<\/p>\n<p>A Unidos do Jacarezinho promove no pr\u00f3ximo domingo, 31 de agosto, mais uma edi\u00e7\u00e3o da sua tradicional feijoada mensal. O evento ser\u00e1 especial. A agremia\u00e7\u00e3o coroar\u00e1 o primeiro rei de bateria da sua hist\u00f3ria: Jorge Amarelloh. Entre as atra\u00e7\u00f5es, a branco e rosa do Jacar\u00e9 receber\u00e1 a coirm\u00e3, Para\u00edso do Tuiuti, al\u00e9m de shows completos do Grupo T\u00e1 na Mente e Bruna Oliveira. Rafael Bernini faz participa\u00e7\u00e3o especial e a festa ainda contar\u00e1 com uma atra\u00e7\u00e3o surpresa. A feijoada inicia \u00e0s 14 horas e os ingressos est\u00e3o \u00e0 venda no Sympla.<\/p>\n<p>Preparado para escrever seu nome na hist\u00f3ria da escola, Jorge Amarelloh \u00e9 um artista multifacetado, com forma\u00e7\u00e3o em dan\u00e7a e paix\u00e3o pelo carnaval, onde tem conquistado cada vez mais espa\u00e7o e reconhecimento na cena do carnaval carioca.  O rei brilhou por tr\u00eas anos consecutivos na coirm\u00e3 Em Cima da Hora e exerce a fun\u00e7\u00e3o de diretor art\u00edstico na Para\u00edso do Tuiuti, no Grupo Especial. A nova majestade iniciou sua jornada com o ballet cl\u00e1ssico e contempor\u00e2neo, aprimorando seus conhecimentos em Los Angeles. De volta ao Brasil, dedicou-se ao samba, integrando alas de passistas de escolas como Uni\u00e3o da Ilha, S\u00e3o Clemente e Santa Cruz. \u00c9 reconhecido internacionalmente por sua dedica\u00e7\u00e3o \u00e0 cultura popular e ao samba no p\u00e9.<\/p>\n<p>A agremia\u00e7\u00e3o rosa e branco do Jacar\u00e9 abre \u00e0s portas de sua quadra \u00e0s 14h. A feijoada ser\u00e1 servida por apenas R$ 20,00. Quem quiser adquirir o ingresso por valor promocional de forma antecipada, basta acessar o site Sympla. As mesas com 4 lugares e feijoada inclusa custam R$ 150,00 e tamb\u00e9m podem ser adquiridas atrav\u00e9s do WhatsApp da escola 21 98821-3456. Esquentando o p\u00fablico, o pagode de Bruna Oliveira seguido dos shows da Unidos do Jacarezinho e Para\u00edso do Tuiuti. O ponto alto da festa \u00e9 a coroa\u00e7\u00e3o do rei Jorge Amarelloh. Fechando a noite, shows do Grupo T\u00e1 na Mente e Rafael Bernini.<\/p>\n<p>A Unidos do Jacarezinho abrir\u00e1 os desfiles da sexta-feira de carnaval, dia 13 de fevereiro, com o enredo \u201cO ar que se respira agora agora inspira novos tempos\u201d, uma homenagem ao compositor, cantor e ator Xande de Pilares, filho da comunidade.<\/p>\n<p>A quadra da escola fica localizada na Avenida Dom H\u00e9lder C\u00e2mara n\u00ba 2233.<\/p>\n<p>Servi\u00e7o:<\/p>\n<p>Feijoada do Jacarezinho \u2013 Coroa\u00e7\u00e3o do rei de bateria Jorge Amarelloh<\/p>\n<p>Atra\u00e7\u00f5es: Para\u00edso do Tuiuti, T\u00e1 na Mente, Bruna Oliveira, Rafael Bernini e atra\u00e7\u00e3o surpresa<\/p>\n<p>Dia 31 de agosto de 2025<\/p>\n<p>Local: Quadra da escola \u2013 Avenida Dom H\u00e9lder C\u00e2mara, 2233 \u2013 Jacar\u00e9,<\/p>\n<p>Hor\u00e1rio das 14:00 \u00e0s 00<\/p>\n<p>Classifica\u00e7\u00e3o Livre<\/p>\n<p>Ingressos: Pista &#8211; R$ 20 (antecipado) \/ Mesa com 4 convites e 4 feijoadas \u2013 R$ 150,00 \/ Camarotes para 10 pessoas \u2013 R$ 800,00<\/p>\n<p>Link de Vendas Antecipadas &#8211; https:\/\/www.sympla.com.br\/evento\/feijoada-do-jacarezinho\/3062365<\/p>\n<p>Fotos: Diego Mendes e Gabriel Belmiro (cr\u00e9dito nas imagens)<\/p>\n","protected":false},"excerpt":{"rendered":"<p>Unidos do Jacarezinho recebe Para\u00edso do Tuiuti na coroa\u00e7\u00e3o do rei Jorge Amarelloh neste domingo Grupo T\u00e1 na Mente, Bruna Oliveira e Rafael Bernini completam as atra\u00e7\u00f5es A Unidos do Jacarezinho promove no pr\u00f3ximo domingo, 31 de agosto, mais uma edi\u00e7\u00e3o da sua tradicional feijoada mensal. O evento ser\u00e1 especial. A agremia\u00e7\u00e3o coroar\u00e1 o primeiro [&hellip;]<\/p>\n","protected":false},"author":1,"featured_media":3519,"comment_status":"closed","ping_status":"closed","sticky":false,"template":"","format":"standard","meta":{"footnotes":""},"categories":[13],"tags":[],"class_list":["post-3518","post","type-post","status-publish","format-standard","has-post-thumbnail","hentry","category-fashion"],"_links":{"self":[{"href":"https:\/\/mundodocarnaval.com.br\/pt_br\/wp-json\/wp\/v2\/posts\/3518","targetHints":{"allow":["GET"]}}],"collection":[{"href":"https:\/\/mundodocarnaval.com.br\/pt_br\/wp-json\/wp\/v2\/posts"}],"about":[{"href":"https:\/\/mundodocarnaval.com.br\/pt_br\/wp-json\/wp\/v2\/types\/post"}],"author":[{"embeddable":true,"href":"https:\/\/mundodocarnaval.com.br\/pt_br\/wp-json\/wp\/v2\/users\/1"}],"replies":[{"embeddable":true,"href":"https:\/\/mundodocarnaval.com.br\/pt_br\/wp-json\/wp\/v2\/comments?post=3518"}],"version-history":[{"count":1,"href":"https:\/\/mundodocarnaval.com.br\/pt_br\/wp-json\/wp\/v2\/posts\/3518\/revisions"}],"predecessor-version":[{"id":3520,"href":"https:\/\/mundodocarnaval.com.br\/pt_br\/wp-json\/wp\/v2\/posts\/3518\/revisions\/3520"}],"wp:featuredmedia":[{"embeddable":true,"href":"https:\/\/mundodocarnaval.com.br\/pt_br\/wp-json\/wp\/v2\/media\/3519"}],"wp:attachment":[{"href":"https:\/\/mundodocarnaval.com.br\/pt_br\/wp-json\/wp\/v2\/media?parent=3518"}],"wp:term":[{"taxonomy":"category","embeddable":true,"href":"https:\/\/mundodocarnaval.com.br\/pt_br\/wp-json\/wp\/v2\/categories?post=3518"},{"taxonomy":"post_tag","embeddable":true,"href":"https:\/\/mundodocarnaval.com.br\/pt_br\/wp-json\/wp\/v2\/tags?post=3518"}],"curies":[{"name":"wp","href":"https:\/\/api.w.org\/{rel}","templated":true}]}}