{"id":3521,"date":"2025-08-31T10:59:46","date_gmt":"2025-08-31T13:59:46","guid":{"rendered":"https:\/\/mundodocarnaval.com.br\/?p=3521"},"modified":"2025-08-31T10:59:46","modified_gmt":"2025-08-31T13:59:46","slug":"comitiva-de-florianopolis-visita-o-rio-de-janeiro","status":"publish","type":"post","link":"https:\/\/mundodocarnaval.com.br\/pt_br\/comitiva-de-florianopolis-visita-o-rio-de-janeiro\/","title":{"rendered":"Comitiva de Florian\u00f3polis visita o Rio de Janeiro"},"content":{"rendered":"<p>Comitiva de Florian\u00f3polis visita o Rio de Janeiro para encontro com lideran\u00e7as do Carnaval<\/p>\n<p>Recebido por Pedro Silva, CEO do Carnaval Lab, presidente da Liga das Escolas de Samba de Florian\u00f3polis Joel Costa J\u00fanior est\u00e1 na cidade com representantes do governo de Santa Catarina com objetivo de trocar saberes e experi\u00eancias para a constru\u00e7\u00e3o de complexo de barrac\u00f5es e novo Samb\u00f3dromo catarinense<\/p>\n<p>Um dos carnavais mais comentados do pa\u00eds vai ganhar melhor estrutura para que escolas de samba possam idealizar e realizar seus projetos de forma a projetar com mais amplitude o evento. Pensando nisso, o atual presidente da Liga Independente de Escola de sambas de Florian\u00f3polis, Joel Costa J\u00fanior, esteve no Rio de Janeiro nesta segunda e ter\u00e7a-feira (25 e 26\/08), para uma visita t\u00e9cnica a institui\u00e7\u00f5es diretamente ligadas \u00e0 organiza\u00e7\u00e3o e realiza\u00e7\u00e3o do maior espet\u00e1culo da Terra.<\/p>\n<p>Recebida por Pedro H. Silva, a comitiva catarinense formada por Sidnei Machado (Superintendente de Obra Civil da Secretaria de Estado da Infraestrutura, e Marila Filartiga (Arquiteta e Gerente de Projetos de Arquitetura da Secretaria de Estado da Infraestrutura), reuniu-se com Hugo Junior, presidente da Liga RJ, para entender melhor as demandas que a S\u00e9rie Ouro apresenta, especialmente com a constru\u00e7\u00e3o da Cidade do Samba 2 em andamento.<\/p>\n<p>\u201cEsse interc\u00e2mbio \u00e9 important\u00edssimo para que a gente possa pensar no planejamento e execu\u00e7\u00e3o de projetos de carnaval em todo o pa\u00eds. Joel \u00e9 um gestor fant\u00e1stico que est\u00e1 sempre buscando as melhores solu\u00e7\u00f5es para o carnaval de Florian\u00f3polis, que vem ganhando ainda mais destaque nacionalmente\u201d, diz Pedro H. Silva, CEO do Carnaval Lab.<\/p>\n<p>Al\u00e9m do encontro entre os presidentes das Ligas, a comitiva tamb\u00e9m foi recebida por Bernardo Fellows, presidente da Riotur, e por Fl\u00e1vio Teixeira, diretor de opera\u00e7\u00f5es da institui\u00e7\u00e3o. Na Academia Brasileira de Artes Carnavalescas, o grupo contou com o conhecimento de C\u00e9lia Domingues sobre a import\u00e2ncia do trabalho dos artes\u00e3os para o segmento.<\/p>\n<p>\u201cEsses dois dias foram fundamentais para n\u00f3s porque o Rio de Janeiro \u00e9 a grande meca do carnaval do mundo, ent\u00e3o poder participar, ter a oportunidade de criar um projeto t\u00e3o importante quanto o que queremos para o carnaval de Florian\u00f3polis, contando com a experi\u00eancia do Rio de Janeiro, de toda a sua hist\u00f3ria, de todas as conquistas, de todos os avan\u00e7os, de todos os erros e acertos, \u00e9 a garantia que a gente vai iniciar um equipamento j\u00e1 da forma correta. Tanto a Cidade do Samba quanto a Sapuca\u00ed, a RioTour, a Liga RJ, todo o suporte que recebemos, junto com o nosso corpo t\u00e9cnico da Secretaria de Infraestrutura do Governo dos Estados da Catarina, foi e ser\u00e1 fundamental para que esse equipamento seja um case no Brasil por todas as experi\u00eancias que n\u00f3s pegamos aqui. A gente est\u00e1 muito feliz e muito realizado dessa visita t\u00e9cnica e principalmente do projeto que ser\u00e1 constru\u00eddo com rela\u00e7\u00e3o a essa experi\u00eancia\u201d, disse Joel Costa J\u00fanior, presidente da Liesf.<\/p>\n<p>Nesse segundo dia de visitas, Joel Junior e os profissionais voltados para o projeto de constru\u00e7\u00e3o do complexo de barrac\u00f5es e do novo Samb\u00f3dromo de Florian\u00f3polis, visitaram a Passarela do Samba carioca e o local onde est\u00e1 sendo constru\u00edda a Cidade do Samba 02.<\/p>\n","protected":false},"excerpt":{"rendered":"<p>Comitiva de Florian\u00f3polis visita o Rio de Janeiro para encontro com lideran\u00e7as do Carnaval Recebido por Pedro Silva, CEO do Carnaval Lab, presidente da Liga das Escolas de Samba de Florian\u00f3polis Joel Costa J\u00fanior est\u00e1 na cidade com representantes do governo de Santa Catarina com objetivo de trocar saberes e experi\u00eancias para a constru\u00e7\u00e3o de [&hellip;]<\/p>\n","protected":false},"author":1,"featured_media":3522,"comment_status":"closed","ping_status":"closed","sticky":false,"template":"","format":"standard","meta":{"footnotes":""},"categories":[11],"tags":[],"class_list":["post-3521","post","type-post","status-publish","format-standard","has-post-thumbnail","hentry","category-noticias"],"_links":{"self":[{"href":"https:\/\/mundodocarnaval.com.br\/pt_br\/wp-json\/wp\/v2\/posts\/3521","targetHints":{"allow":["GET"]}}],"collection":[{"href":"https:\/\/mundodocarnaval.com.br\/pt_br\/wp-json\/wp\/v2\/posts"}],"about":[{"href":"https:\/\/mundodocarnaval.com.br\/pt_br\/wp-json\/wp\/v2\/types\/post"}],"author":[{"embeddable":true,"href":"https:\/\/mundodocarnaval.com.br\/pt_br\/wp-json\/wp\/v2\/users\/1"}],"replies":[{"embeddable":true,"href":"https:\/\/mundodocarnaval.com.br\/pt_br\/wp-json\/wp\/v2\/comments?post=3521"}],"version-history":[{"count":1,"href":"https:\/\/mundodocarnaval.com.br\/pt_br\/wp-json\/wp\/v2\/posts\/3521\/revisions"}],"predecessor-version":[{"id":3523,"href":"https:\/\/mundodocarnaval.com.br\/pt_br\/wp-json\/wp\/v2\/posts\/3521\/revisions\/3523"}],"wp:featuredmedia":[{"embeddable":true,"href":"https:\/\/mundodocarnaval.com.br\/pt_br\/wp-json\/wp\/v2\/media\/3522"}],"wp:attachment":[{"href":"https:\/\/mundodocarnaval.com.br\/pt_br\/wp-json\/wp\/v2\/media?parent=3521"}],"wp:term":[{"taxonomy":"category","embeddable":true,"href":"https:\/\/mundodocarnaval.com.br\/pt_br\/wp-json\/wp\/v2\/categories?post=3521"},{"taxonomy":"post_tag","embeddable":true,"href":"https:\/\/mundodocarnaval.com.br\/pt_br\/wp-json\/wp\/v2\/tags?post=3521"}],"curies":[{"name":"wp","href":"https:\/\/api.w.org\/{rel}","templated":true}]}}