{"id":3531,"date":"2025-08-31T11:42:10","date_gmt":"2025-08-31T14:42:10","guid":{"rendered":"https:\/\/mundodocarnaval.com.br\/?p=3531"},"modified":"2025-08-31T11:42:10","modified_gmt":"2025-08-31T14:42:10","slug":"7-anos-de-wakanda-in-madureira","status":"publish","type":"post","link":"https:\/\/mundodocarnaval.com.br\/pt_br\/7-anos-de-wakanda-in-madureira\/","title":{"rendered":"7 anos de Wakanda In Madureira"},"content":{"rendered":"<p>Acesse mais fotos neste link.<br \/>\nCr\u00e9dito das Fotos: Vi Santana<\/p>\n<p>7 anos de Wakanda In Madureira: evento celebra cultura negra no viaduto de Madureira<\/p>\n<p>A programa\u00e7\u00e3o \u00e9 totalmente gratuita contar\u00e1 com \u201cquilombinho\u201d para crian\u00e7as<\/p>\n<p>No pr\u00f3ximo dia 14 de setembro o Festival Wakanda In Madureira completa 7 anos de estrada com ancestralidade, m\u00fasica, beleza negra e festa, e tudo isso no espa\u00e7o mais charmoso do Rio de Janeiro, o Viaduto de Madureira. Nesta edi\u00e7\u00e3o, quem comanda o Festival \u00e9 o cantor e compositor, Vinny Santa F\u00e9, e o grupo Awur\u00ea, e toda programa\u00e7\u00e3o \u00e9 gratuita. <\/p>\n<p>Contando com o apoio do Governo Federal, por meio do Minist\u00e9rio da Igualdade Racial, e da Universidade Federal Fluminense, o encontro \u00e9 realizado pelos produtores culturais Dandara Barbosa e Jonathan Raymundo e est\u00e1 marcado para come\u00e7ar \u00e0s 15 horas. Jonathan ressalta a import\u00e2ncia para a comunidade negra de se ter um lugar como o Wakanda In Madureira. <\/p>\n<p>\u201cEste lugar que \u00e9 muito nosso, espa\u00e7o e s\u00edmbolo da nossa presen\u00e7a, beleza e festa. Vamos comemorar nosso anivers\u00e1rio com muita melanina, ancestralidade e afeto\u201d, comemora Jonathan Raymundo.<\/p>\n<p>Segundo ele, Wakanda In Madureira \u00e9 um festival que tem como prop\u00f3sito combater o racismo a partir da valoriza\u00e7\u00e3o da cultura negra. Promovendo um espa\u00e7o seguro para experi\u00eancias coletivas e individuais que tenham no decolonialismo um catalisador fundamental. <\/p>\n<p>\u201cSomos tamb\u00e9m um grande palco para a arte negra e perif\u00e9rica se apresentar, al\u00e9m de tecer uma grande rede que une p\u00fablico consumidor e afroempreendedores, fazendo circular a economia popular, os s\u00edmbolos de resist\u00eancia e de valoriza\u00e7\u00e3o da popula\u00e7\u00e3o negra\u201d, explica.<\/p>\n<p>Dandara Barbosa afirma que a expectativa para o evento \u00e9 elevada e vem para coroar os sete anos de trabalho, mas refor\u00e7a que o evento n\u00e3o \u00e9 s\u00f3 festa. \u201cNesses anos tivemos oficinas de percuss\u00e3o, visitas guiadas, e muitos empreendedores que est\u00e3o conosco desde o in\u00edcio. S\u00e3o 7 anos de uma rede potente de alegria, educa\u00e7\u00e3o e prosperidade pro povo preto. \u00c9 pra comemorar\u201d, celebra.<\/p>\n<p>Ainda segundo ela, o Wakanda In Madureira \u00e9 um projeto de pertencimento, atrav\u00e9s do afeto e da educa\u00e7\u00e3o popular, respeitando a ancestralidade negra que emana luz para que o evento transcorra dentro da normalidade. <\/p>\n<p>\u201cA gente pretende, cada vez mais, valorizar nossas tradi\u00e7\u00f5es e honrar quem veio antes de n\u00f3s. Vamos continuar com a nossa miss\u00e3o, comemorar nossos 7 anos e continuar com nossos projetos educacionais de valoriza\u00e7\u00e3o da cultura preta\u201d, completa Dandara.<\/p>\n<p>Como de costume, o Festival tamb\u00e9m disponibilizar\u00e1 um ambiente para toda fam\u00edlia, com o Espa\u00e7o Quilombinho, que contar\u00e1 com mais de 5 horas de recrea\u00e7\u00e3o infantil com atividades f\u00edsicas, l\u00fadicas e afroreferenciadas. <\/p>\n<p>\u201cPrecisamos abordar as brincadeiras afrocentradas, levar nossa cultura \u00e0s nossas crian\u00e7as para n\u00e3o deixar que a ludicidade afro-brasileira seja esquecida. \u00c9 preciso focar na cultura negra para restaurar o orgulho e o sentimento de amor pr\u00f3prio. \u00c9 um dia para celebrarmos a n\u00f3s mesmos e nos ver como realezas\u201d, completa.<\/p>\n<p>Sobre o evento<\/p>\n<p>O Festival Wakanda in Madureira iniciou-se como um Piquenique no dia 16 de abril de 2018. O objetivo era promover um espa\u00e7o seguro e afetuoso para que pessoas negras pudessem se encontrar, fazer amigos e criar uma rede de solidariedade para que, juntos, pudessem enfrentar os desafios impostos pelo racismo.<\/p>\n<p>SERVI\u00c7O:<\/p>\n<p>Wakanda In Madureira<\/p>\n<p>14 de setembro, a partir das 15h<\/p>\n<p>Viaduto Prefeito Negr\u00e3o de Lima, Madureira<\/p>\n<p>Entrada: gratuita<\/p>\n","protected":false},"excerpt":{"rendered":"<p>Acesse mais fotos neste link. Cr\u00e9dito das Fotos: Vi Santana 7 anos de Wakanda In Madureira: evento celebra cultura negra no viaduto de Madureira A programa\u00e7\u00e3o \u00e9 totalmente gratuita contar\u00e1 com \u201cquilombinho\u201d para crian\u00e7as No pr\u00f3ximo dia 14 de setembro o Festival Wakanda In Madureira completa 7 anos de estrada com ancestralidade, m\u00fasica, beleza negra [&hellip;]<\/p>\n","protected":false},"author":1,"featured_media":3532,"comment_status":"closed","ping_status":"closed","sticky":false,"template":"","format":"standard","meta":{"footnotes":""},"categories":[11],"tags":[],"class_list":["post-3531","post","type-post","status-publish","format-standard","has-post-thumbnail","hentry","category-noticias"],"_links":{"self":[{"href":"https:\/\/mundodocarnaval.com.br\/pt_br\/wp-json\/wp\/v2\/posts\/3531","targetHints":{"allow":["GET"]}}],"collection":[{"href":"https:\/\/mundodocarnaval.com.br\/pt_br\/wp-json\/wp\/v2\/posts"}],"about":[{"href":"https:\/\/mundodocarnaval.com.br\/pt_br\/wp-json\/wp\/v2\/types\/post"}],"author":[{"embeddable":true,"href":"https:\/\/mundodocarnaval.com.br\/pt_br\/wp-json\/wp\/v2\/users\/1"}],"replies":[{"embeddable":true,"href":"https:\/\/mundodocarnaval.com.br\/pt_br\/wp-json\/wp\/v2\/comments?post=3531"}],"version-history":[{"count":1,"href":"https:\/\/mundodocarnaval.com.br\/pt_br\/wp-json\/wp\/v2\/posts\/3531\/revisions"}],"predecessor-version":[{"id":3533,"href":"https:\/\/mundodocarnaval.com.br\/pt_br\/wp-json\/wp\/v2\/posts\/3531\/revisions\/3533"}],"wp:featuredmedia":[{"embeddable":true,"href":"https:\/\/mundodocarnaval.com.br\/pt_br\/wp-json\/wp\/v2\/media\/3532"}],"wp:attachment":[{"href":"https:\/\/mundodocarnaval.com.br\/pt_br\/wp-json\/wp\/v2\/media?parent=3531"}],"wp:term":[{"taxonomy":"category","embeddable":true,"href":"https:\/\/mundodocarnaval.com.br\/pt_br\/wp-json\/wp\/v2\/categories?post=3531"},{"taxonomy":"post_tag","embeddable":true,"href":"https:\/\/mundodocarnaval.com.br\/pt_br\/wp-json\/wp\/v2\/tags?post=3531"}],"curies":[{"name":"wp","href":"https:\/\/api.w.org\/{rel}","templated":true}]}}