{"id":3537,"date":"2025-08-31T12:00:52","date_gmt":"2025-08-31T15:00:52","guid":{"rendered":"https:\/\/mundodocarnaval.com.br\/?p=3537"},"modified":"2025-08-31T12:00:52","modified_gmt":"2025-08-31T15:00:52","slug":"mocidade-recebe-corte-do-carnaval-de-la-44-da-colombia","status":"publish","type":"post","link":"https:\/\/mundodocarnaval.com.br\/pt_br\/mocidade-recebe-corte-do-carnaval-de-la-44-da-colombia\/","title":{"rendered":"Mocidade recebe Corte do Carnaval de la 44, da Col\u00f4mbia"},"content":{"rendered":"<p>Mocidade recebe Corte do Carnaval de la 44, da Col\u00f4mbia, para interc\u00e2mbio cultural<\/p>\n<p>A Mocidade Independente de Padre Miguel abriu as portas do seu barrac\u00e3o, na Cidade do Samba, para receber a comitiva especial do Carnaval de La 44, de Barranquilla, Col\u00f4mbia. A visita teve como objetivo estreitar la\u00e7os culturais, compartilhar boas pr\u00e1ticas e abrir uma conversa para interc\u00e2mbio cultural entre os profissionais de cada pa\u00eds.<\/p>\n<p>A rainha do carnaval colombiano, Sharon Hurtado, destacou a emo\u00e7\u00e3o de pisar em um barrac\u00e3o e poder conhecer mais sobre os detalhes por tr\u00e1s do maior show da Terra.<\/p>\n<p>&#8211; Como pa\u00edses hermanos \u00e9 muito importante termos essa troca e conhecermos mais sobre as nossas culturas. Em nome de todo povo, agrade\u00e7o a receptividade da Mocidade e espero que possamos estar ainda mais juntos depois dessa visita t\u00e3o especial para a gente. Estar aqui \u00e9 realizar um sonho.<\/p>\n<p>A Mocidade foi representada pelo Casal de Mestre-Sala e Porta-Bandeira, Diogo Jesus e Bruna Santos. Al\u00e9m do Diretor de Rela\u00e7\u00f5es, Will Costa, da Coordenadora das Composi\u00e7\u00f5es, Margareth de Oliveira e do Diretor de Marketing, Bryan Clem, que ressaltou a import\u00e2ncia desta troca.<\/p>\n<p>&#8211; Nesta mesma semana fomos homenageados pela London School no carnaval de Londres e agora recebemos a comitiva Colombiana. Isso s\u00f3 mostra a for\u00e7a da nossa cultura e do nosso carnaval. Que possamos ter cada vez mais esse tipo de interc\u00e2mbio para alavancar nossos interesses comerciais e falar alto como marca para fora do nosso pa\u00eds.<\/p>\n<p>O Carnaval de la 44 \u00e9 uma das maiores manifesta\u00e7\u00f5es populares da Col\u00f4mbia e ser\u00e1 realizado no final de janeiro de 2026.<\/p>\n<p>Fotos e V\u00eddeo: Divulga\u00e7\u00e3o \/ Mocidade<\/p>\n","protected":false},"excerpt":{"rendered":"<p>Mocidade recebe Corte do Carnaval de la 44, da Col\u00f4mbia, para interc\u00e2mbio cultural A Mocidade Independente de Padre Miguel abriu as portas do seu barrac\u00e3o, na Cidade do Samba, para receber a comitiva especial do Carnaval de La 44, de Barranquilla, Col\u00f4mbia. A visita teve como objetivo estreitar la\u00e7os culturais, compartilhar boas pr\u00e1ticas e abrir [&hellip;]<\/p>\n","protected":false},"author":1,"featured_media":3538,"comment_status":"closed","ping_status":"closed","sticky":false,"template":"","format":"standard","meta":{"footnotes":""},"categories":[12],"tags":[],"class_list":["post-3537","post","type-post","status-publish","format-standard","has-post-thumbnail","hentry","category-grupo-especial"],"_links":{"self":[{"href":"https:\/\/mundodocarnaval.com.br\/pt_br\/wp-json\/wp\/v2\/posts\/3537","targetHints":{"allow":["GET"]}}],"collection":[{"href":"https:\/\/mundodocarnaval.com.br\/pt_br\/wp-json\/wp\/v2\/posts"}],"about":[{"href":"https:\/\/mundodocarnaval.com.br\/pt_br\/wp-json\/wp\/v2\/types\/post"}],"author":[{"embeddable":true,"href":"https:\/\/mundodocarnaval.com.br\/pt_br\/wp-json\/wp\/v2\/users\/1"}],"replies":[{"embeddable":true,"href":"https:\/\/mundodocarnaval.com.br\/pt_br\/wp-json\/wp\/v2\/comments?post=3537"}],"version-history":[{"count":1,"href":"https:\/\/mundodocarnaval.com.br\/pt_br\/wp-json\/wp\/v2\/posts\/3537\/revisions"}],"predecessor-version":[{"id":3539,"href":"https:\/\/mundodocarnaval.com.br\/pt_br\/wp-json\/wp\/v2\/posts\/3537\/revisions\/3539"}],"wp:featuredmedia":[{"embeddable":true,"href":"https:\/\/mundodocarnaval.com.br\/pt_br\/wp-json\/wp\/v2\/media\/3538"}],"wp:attachment":[{"href":"https:\/\/mundodocarnaval.com.br\/pt_br\/wp-json\/wp\/v2\/media?parent=3537"}],"wp:term":[{"taxonomy":"category","embeddable":true,"href":"https:\/\/mundodocarnaval.com.br\/pt_br\/wp-json\/wp\/v2\/categories?post=3537"},{"taxonomy":"post_tag","embeddable":true,"href":"https:\/\/mundodocarnaval.com.br\/pt_br\/wp-json\/wp\/v2\/tags?post=3537"}],"curies":[{"name":"wp","href":"https:\/\/api.w.org\/{rel}","templated":true}]}}