{"id":3540,"date":"2025-08-31T12:24:13","date_gmt":"2025-08-31T15:24:13","guid":{"rendered":"https:\/\/mundodocarnaval.com.br\/?p=3540"},"modified":"2025-08-31T12:24:13","modified_gmt":"2025-08-31T15:24:13","slug":"nathalia-brito-recebe-figurino-para-estreia-como-musa","status":"publish","type":"post","link":"https:\/\/mundodocarnaval.com.br\/pt_br\/nathalia-brito-recebe-figurino-para-estreia-como-musa\/","title":{"rendered":"Nath\u00e1lia Brito recebe figurino para estreia como musa"},"content":{"rendered":"<p>Nath\u00e1lia Brito recebe figurino para estreia como musa da Uni\u00e3o da Ilha<\/p>\n<p>J\u00e1 nos preparativos para a folia de 2026, Nath\u00e1lia Brito recebeu o desenho do figurino de musa da Uni\u00e3o da Ilha. Ser\u00e1 a estreia da Doutora na agremia\u00e7\u00e3o insulana. Com grande expectativa, Nath\u00e1lia esteve presente no barrac\u00e3o da agremia\u00e7\u00e3o nesta sexta-feira e recebeu o croqui direto das m\u00e3os do carnavalesco Marcus Ferreira.<\/p>\n<p>A musa, que vir\u00e1 \u00e0 frente da segunda alegoria da agremia\u00e7\u00e3o, n\u00e3o escondeu a felicidade ao ver o figurino. Ap\u00f3s desfilar em outras escolas e indo ao quarto ano como rainha de bateria da Independente da Pra\u00e7a da Bandeira, ser\u00e1 o primeiro ano defendendo as cores da Uni\u00e3o da Ilha na Marqu\u00eas de Sapuca\u00ed.<\/p>\n<p>&#8211; Receber o figurino \u00e9 sempre um dia de muita expectativa, ali a gente descobre como iremos estar na avenida, descobre mais sobre a hist\u00f3ria, o que iremos representar. N\u00e3o posso dar muito spoiler, mas confesso que amei o figurino e com certeza ser\u00e1 uma linda passagem pela a escola, agora s\u00f3 aumentou \u2013 revela Nathalia<\/p>\n<p>A Uni\u00e3o da Ilha desfilar\u00e1 na sexta-feira de carnaval com o enredo \u201cViva o hoje! O amanh\u00e3? Fica pra depois\u201d, inspirado na passagem do Cometa Halley,<\/p>\n","protected":false},"excerpt":{"rendered":"<p>Nath\u00e1lia Brito recebe figurino para estreia como musa da Uni\u00e3o da Ilha J\u00e1 nos preparativos para a folia de 2026, Nath\u00e1lia Brito recebeu o desenho do figurino de musa da Uni\u00e3o da Ilha. Ser\u00e1 a estreia da Doutora na agremia\u00e7\u00e3o insulana. Com grande expectativa, Nath\u00e1lia esteve presente no barrac\u00e3o da agremia\u00e7\u00e3o nesta sexta-feira e recebeu [&hellip;]<\/p>\n","protected":false},"author":1,"featured_media":3541,"comment_status":"closed","ping_status":"closed","sticky":false,"template":"","format":"standard","meta":{"footnotes":""},"categories":[11],"tags":[],"class_list":["post-3540","post","type-post","status-publish","format-standard","has-post-thumbnail","hentry","category-noticias"],"_links":{"self":[{"href":"https:\/\/mundodocarnaval.com.br\/pt_br\/wp-json\/wp\/v2\/posts\/3540","targetHints":{"allow":["GET"]}}],"collection":[{"href":"https:\/\/mundodocarnaval.com.br\/pt_br\/wp-json\/wp\/v2\/posts"}],"about":[{"href":"https:\/\/mundodocarnaval.com.br\/pt_br\/wp-json\/wp\/v2\/types\/post"}],"author":[{"embeddable":true,"href":"https:\/\/mundodocarnaval.com.br\/pt_br\/wp-json\/wp\/v2\/users\/1"}],"replies":[{"embeddable":true,"href":"https:\/\/mundodocarnaval.com.br\/pt_br\/wp-json\/wp\/v2\/comments?post=3540"}],"version-history":[{"count":1,"href":"https:\/\/mundodocarnaval.com.br\/pt_br\/wp-json\/wp\/v2\/posts\/3540\/revisions"}],"predecessor-version":[{"id":3542,"href":"https:\/\/mundodocarnaval.com.br\/pt_br\/wp-json\/wp\/v2\/posts\/3540\/revisions\/3542"}],"wp:featuredmedia":[{"embeddable":true,"href":"https:\/\/mundodocarnaval.com.br\/pt_br\/wp-json\/wp\/v2\/media\/3541"}],"wp:attachment":[{"href":"https:\/\/mundodocarnaval.com.br\/pt_br\/wp-json\/wp\/v2\/media?parent=3540"}],"wp:term":[{"taxonomy":"category","embeddable":true,"href":"https:\/\/mundodocarnaval.com.br\/pt_br\/wp-json\/wp\/v2\/categories?post=3540"},{"taxonomy":"post_tag","embeddable":true,"href":"https:\/\/mundodocarnaval.com.br\/pt_br\/wp-json\/wp\/v2\/tags?post=3540"}],"curies":[{"name":"wp","href":"https:\/\/api.w.org\/{rel}","templated":true}]}}