{"id":3543,"date":"2025-08-31T12:33:24","date_gmt":"2025-08-31T15:33:24","guid":{"rendered":"https:\/\/mundodocarnaval.com.br\/?p=3543"},"modified":"2025-08-31T12:33:24","modified_gmt":"2025-08-31T15:33:24","slug":"professor-jandre-compositor-da-unidos-do-viradouro","status":"publish","type":"post","link":"https:\/\/mundodocarnaval.com.br\/pt_br\/professor-jandre-compositor-da-unidos-do-viradouro\/","title":{"rendered":"Professor Jandr\u00e9, compositor da Unidos do Viradouro"},"content":{"rendered":"<p>Foto: Professor Jandr\u00e9\/arquivo pessoal<br \/>\nProfessor Jandr\u00e9, compositor da Unidos do Viradouro, estreia como locutor em r\u00e1dio Rio 50 GRAUS<\/p>\n<p>Reconhecido no universo do samba como professor e compositor da Unidos do Viradouro, o professor Jandr\u00e9 acaba de assumir um novo desafio em sua trajet\u00f3ria: o comando do programa \u201cSambando com o Professor\u201d, transmitido pela R\u00e1dio Rio 50 Graus, de meio-dia \u00e0s 14 horas, dedicado ao carnaval do Rio de Janeiro, de Niter\u00f3i e de toda a regi\u00e3o metropolitana.<\/p>\n<p>Com uma carreira marcada pela paix\u00e3o pelo samba, Jandr\u00e9 agora leva sua experi\u00eancia e conhecimento para os microfones, aproximando ainda mais o p\u00fablico dos bastidores, hist\u00f3rias e personagens que fazem a festa mais popular do planeta acontecer. O programa promete entrevistas exclusivas com sambistas, compositores, dirigentes de escolas de samba e personalidades da cultura, al\u00e9m de espa\u00e7o para novas vozes e talentos da comunidade.<\/p>\n<p>\u201cMais do que falar de carnaval, quero criar um espa\u00e7o de conex\u00e3o entre o samba e a sociedade, valorizando a cultura, a mem\u00f3ria e as pessoas que fazem parte dessa hist\u00f3ria. Esse hor\u00e1rio do meio-dia \u00e9 especial, porque \u00e9 quando os sambistas est\u00e3o preparando a sua feijoada, o seu churrasco\u2026 \u00c9 um momento perfeito para ouvir o melhor do samba e ainda ficar informado com as not\u00edcias do mundo do samba\u201d, afirma o professor.<\/p>\n<p>A estreia acontece amanh\u00e3, ao vivo, diretamente dos est\u00fadios da r\u00e1dio, com a participa\u00e7\u00e3o de convidados especiais. O p\u00fablico poder\u00e1 acompanhar pela internet, em qualquer lugar do Brasil e do mundo.<\/p>\n<p>Servi\u00e7o:<\/p>\n<p>Estreia do programa \u201cSambando com o Professor\u201d<\/p>\n<p>Transmiss\u00e3o online \u2013 R\u00e1dio Rio 50 Graus<\/p>\n<p>Data: Amanh\u00e3<\/p>\n<p>Hor\u00e1rio: 12h \u00e0s 14h<\/p>\n","protected":false},"excerpt":{"rendered":"<p>Foto: Professor Jandr\u00e9\/arquivo pessoal Professor Jandr\u00e9, compositor da Unidos do Viradouro, estreia como locutor em r\u00e1dio Rio 50 GRAUS Reconhecido no universo do samba como professor e compositor da Unidos do Viradouro, o professor Jandr\u00e9 acaba de assumir um novo desafio em sua trajet\u00f3ria: o comando do programa \u201cSambando com o Professor\u201d, transmitido pela R\u00e1dio [&hellip;]<\/p>\n","protected":false},"author":1,"featured_media":3544,"comment_status":"closed","ping_status":"closed","sticky":false,"template":"","format":"standard","meta":{"footnotes":""},"categories":[11],"tags":[],"class_list":["post-3543","post","type-post","status-publish","format-standard","has-post-thumbnail","hentry","category-noticias"],"_links":{"self":[{"href":"https:\/\/mundodocarnaval.com.br\/pt_br\/wp-json\/wp\/v2\/posts\/3543","targetHints":{"allow":["GET"]}}],"collection":[{"href":"https:\/\/mundodocarnaval.com.br\/pt_br\/wp-json\/wp\/v2\/posts"}],"about":[{"href":"https:\/\/mundodocarnaval.com.br\/pt_br\/wp-json\/wp\/v2\/types\/post"}],"author":[{"embeddable":true,"href":"https:\/\/mundodocarnaval.com.br\/pt_br\/wp-json\/wp\/v2\/users\/1"}],"replies":[{"embeddable":true,"href":"https:\/\/mundodocarnaval.com.br\/pt_br\/wp-json\/wp\/v2\/comments?post=3543"}],"version-history":[{"count":1,"href":"https:\/\/mundodocarnaval.com.br\/pt_br\/wp-json\/wp\/v2\/posts\/3543\/revisions"}],"predecessor-version":[{"id":3545,"href":"https:\/\/mundodocarnaval.com.br\/pt_br\/wp-json\/wp\/v2\/posts\/3543\/revisions\/3545"}],"wp:featuredmedia":[{"embeddable":true,"href":"https:\/\/mundodocarnaval.com.br\/pt_br\/wp-json\/wp\/v2\/media\/3544"}],"wp:attachment":[{"href":"https:\/\/mundodocarnaval.com.br\/pt_br\/wp-json\/wp\/v2\/media?parent=3543"}],"wp:term":[{"taxonomy":"category","embeddable":true,"href":"https:\/\/mundodocarnaval.com.br\/pt_br\/wp-json\/wp\/v2\/categories?post=3543"},{"taxonomy":"post_tag","embeddable":true,"href":"https:\/\/mundodocarnaval.com.br\/pt_br\/wp-json\/wp\/v2\/tags?post=3543"}],"curies":[{"name":"wp","href":"https:\/\/api.w.org\/{rel}","templated":true}]}}