{"id":3546,"date":"2025-08-31T12:40:29","date_gmt":"2025-08-31T15:40:29","guid":{"rendered":"https:\/\/mundodocarnaval.com.br\/?p=3546"},"modified":"2025-08-31T12:40:29","modified_gmt":"2025-08-31T15:40:29","slug":"uniao-de-marica-define-samba-enredo","status":"publish","type":"post","link":"https:\/\/mundodocarnaval.com.br\/pt_br\/uniao-de-marica-define-samba-enredo\/","title":{"rendered":"Uni\u00e3o de Maric\u00e1 define samba-enredo"},"content":{"rendered":"<p>Uni\u00e3o de Maric\u00e1 define samba-enredo para o Carnaval 2026<br \/>\nObra da parceria de Babby do Cavaco ser\u00e1 o hino do enredo \u201cBerenguend\u00e9ns e Balanagand\u00e3ns\u201d<\/p>\n<p>A Uni\u00e3o de Maric\u00e1 j\u00e1 tem o samba que vai conduzir a escola em busca do t\u00edtulo da S\u00e9rie Ouro em 2026. A obra de Babby do Cavaco, Rafael Gigante, Marcelo Adnet, H\u00e9lio Porto, Jefferson Oliveira e Andr\u00e9 do Posto 7 foi a grande campe\u00e3 da disputa realizada na madrugada deste s\u00e1bado (30), na quadra da escola, em Maric\u00e1, e ser\u00e1 a trilha do enredo \u201cBerenguend\u00e9ns e Balanagand\u00e3ns\u201d, desenvolvido pelo carnavalesco Leandro Vieira.<\/p>\n<p>Conhe\u00e7a o samba vencedor:<\/p>\n<p>N\u00eaga da ladeira do Pel\u00f4<br \/>\nTens o som de Salvador<br \/>\nE a magia que fulgura<br \/>\nRevolucionar \u00e9 seu papel<br \/>\nE a arte do cinzel<br \/>\nTu carregas na cintura<br \/>\nJunto ao tabuleiro nas manh\u00e3s<br \/>\nH\u00e1 o sonho das irm\u00e3s que anseiam liberdade<br \/>\nEcoa toda Nzinga de Matamba<br \/>\nA mandinga e a demanda<br \/>\nRealeza, identidade<\/p>\n<p>Balan\u00e7o que lembra meu adarrrum<br \/>\nNa armadura de Ogum, mem\u00f3ria ancestral<br \/>\nAdorno que guardo no meu il\u00ea<br \/>\nHeran\u00e7a dos Mal\u00eas<br \/>\n\u00c9 forja do metal!<\/p>\n<p>Santa luz da rebeldia que moldou o livramento<br \/>\nSomos j\u00f3ias da princesa, filhas do empoderamento<br \/>\nPenduricalho, que te entrego de lembran\u00e7a<br \/>\nGuarda a f\u00e9, o fogo e o talho, resplandece a esperan\u00e7a<\/p>\n<p>Eu pe\u00e7o aos meus orix\u00e1s<br \/>\nE entrego todo ax\u00e9<br \/>\nA nega pode e vai ter o que quiser<\/p>\n<p>Tantas pretas consagradas<br \/>\nMeu espelho com orgulho<br \/>\nE a quem renega a mulherada:<br \/>\nV\u00e1 dormir com esse barulho!<\/p>\n<p>Balangand\u00e3s, berenguend\u00e9s<br \/>\nCanta Maric\u00e1 o que a baiana tem<br \/>\nPertencimento que reluz no amuleto<br \/>\nClaro, tinha que ser preto!<\/p>\n<p>A Uni\u00e3o de Maric\u00e1 ser\u00e1 a sexta escola a desfilar no s\u00e1bado de carnaval, dia 14 de fevereiro de 2026, na Marqu\u00eas de Sapuca\u00ed.<\/p>\n<p>Fotos: Caio Henrique<\/p>\n","protected":false},"excerpt":{"rendered":"<p>Uni\u00e3o de Maric\u00e1 define samba-enredo para o Carnaval 2026 Obra da parceria de Babby do Cavaco ser\u00e1 o hino do enredo \u201cBerenguend\u00e9ns e Balanagand\u00e3ns\u201d A Uni\u00e3o de Maric\u00e1 j\u00e1 tem o samba que vai conduzir a escola em busca do t\u00edtulo da S\u00e9rie Ouro em 2026. A obra de Babby do Cavaco, Rafael Gigante, Marcelo [&hellip;]<\/p>\n","protected":false},"author":1,"featured_media":3547,"comment_status":"closed","ping_status":"closed","sticky":false,"template":"","format":"standard","meta":{"footnotes":""},"categories":[13],"tags":[],"class_list":["post-3546","post","type-post","status-publish","format-standard","has-post-thumbnail","hentry","category-fashion"],"_links":{"self":[{"href":"https:\/\/mundodocarnaval.com.br\/pt_br\/wp-json\/wp\/v2\/posts\/3546","targetHints":{"allow":["GET"]}}],"collection":[{"href":"https:\/\/mundodocarnaval.com.br\/pt_br\/wp-json\/wp\/v2\/posts"}],"about":[{"href":"https:\/\/mundodocarnaval.com.br\/pt_br\/wp-json\/wp\/v2\/types\/post"}],"author":[{"embeddable":true,"href":"https:\/\/mundodocarnaval.com.br\/pt_br\/wp-json\/wp\/v2\/users\/1"}],"replies":[{"embeddable":true,"href":"https:\/\/mundodocarnaval.com.br\/pt_br\/wp-json\/wp\/v2\/comments?post=3546"}],"version-history":[{"count":2,"href":"https:\/\/mundodocarnaval.com.br\/pt_br\/wp-json\/wp\/v2\/posts\/3546\/revisions"}],"predecessor-version":[{"id":3549,"href":"https:\/\/mundodocarnaval.com.br\/pt_br\/wp-json\/wp\/v2\/posts\/3546\/revisions\/3549"}],"wp:featuredmedia":[{"embeddable":true,"href":"https:\/\/mundodocarnaval.com.br\/pt_br\/wp-json\/wp\/v2\/media\/3547"}],"wp:attachment":[{"href":"https:\/\/mundodocarnaval.com.br\/pt_br\/wp-json\/wp\/v2\/media?parent=3546"}],"wp:term":[{"taxonomy":"category","embeddable":true,"href":"https:\/\/mundodocarnaval.com.br\/pt_br\/wp-json\/wp\/v2\/categories?post=3546"},{"taxonomy":"post_tag","embeddable":true,"href":"https:\/\/mundodocarnaval.com.br\/pt_br\/wp-json\/wp\/v2\/tags?post=3546"}],"curies":[{"name":"wp","href":"https:\/\/api.w.org\/{rel}","templated":true}]}}