{"id":3550,"date":"2025-08-31T12:53:57","date_gmt":"2025-08-31T15:53:57","guid":{"rendered":"https:\/\/mundodocarnaval.com.br\/?p=3550"},"modified":"2025-08-31T12:53:58","modified_gmt":"2025-08-31T15:53:58","slug":"conheca-o-novo-segundo-casal-de-mestre-sala-e-porta-bandeira","status":"publish","type":"post","link":"https:\/\/mundodocarnaval.com.br\/pt_br\/conheca-o-novo-segundo-casal-de-mestre-sala-e-porta-bandeira\/","title":{"rendered":"Conhe\u00e7a o novo segundo casal de mestre-sala e porta-bandeira"},"content":{"rendered":"<p>Conhe\u00e7a o novo segundo casal de mestre-sala e porta-bandeira da Unidos do Jacarezinho<\/p>\n<p>Pedro Andrade e Raquel Silva estreiam na agremia\u00e7\u00e3o na defesa do segundo pavilh\u00e3o<\/p>\n<p>De volta \u00e0 S\u00e9rie Ouro e refor\u00e7ando seus quesitos para disputar o campeonato na Marqu\u00eas de Sapuca\u00ed, a  Unidos do Jacarezinho anuncia a chegada do novo segundo casal de mestre-sala e porta-bandeira: Pedro Andrade e Raquel Silva. A dupla conduzir\u00e1 o segundo pavilh\u00e3o da branco e rosa do Jacar\u00e9.<\/p>\n<p>De um lado, Raquel Silva, porta-bandeira com ampla trajet\u00f3ria no samba, com passagens por escolas como Tradi\u00e7\u00e3o, Imp\u00e9rio da Uva, Em Cima da Hora e Acad\u00eamicos da Rocinha. Do outro, Pedro Andrade, talento revelado no projeto de casais de mestre-sala e porta-bandeira dos premiados Julinho Nascimento e Matheus Oliv\u00e9rio, mestres-salas da Viradouro e Esta\u00e7\u00e3o Primeira de Mangueira. A chegada do novo casal representa o encontro da experi\u00eancia e da juventude, da tradi\u00e7\u00e3o e da renova\u00e7\u00e3o, pilares que seguem fortalecendo o elenco da escola rumo ao Carnaval de 2026.<\/p>\n<p>Nascido e criado no Morro da Mangueira, oriundo de uma fam\u00edlia envolvida no carnaval, Pedro sempre gostou da folia e de tudo que envolve a cultura negra. Aos 10 anos de idade se apaixonou pela dan\u00e7a de mestre-sala e porta-bandeira, ap\u00f3s ver Matheus Oliv\u00e9rio e Squel Jorgea bailando pela Esta\u00e7\u00e3o Primeira de Mangueira. No mesmo per\u00edodo iniciou-se um projeto, existente at\u00e9 hoje, na quadra da escola. E pelas m\u00e3os de Matheus Oliv\u00e9rio, Pedro vem se lapidando e aprimorando desde ent\u00e3o.  Participou tamb\u00e9m de um projeto que existiu chamado: Lavenir, onde teve aulas com Alcione Carvalho e Renan Oliveira. Sua trajet\u00f3ria, apesar de novo, \u00e9 extremamente iluminada. Pedro tem uma longa jornada pelas escolas mirins, que s\u00e3o as formadoras de grandes sambistas e artistas do carnaval. Deu in\u00edcio na Mangueira do Amanh\u00e3 e h\u00e1 6 anos \u00e9 primeiro mestre-sala da Nova Gera\u00e7\u00e3o do Est\u00e1cio, colecionando momentos e pr\u00eamios. Hoje, inicia uma nova e desafiadora jornada que \u00e9 estar nas \u201cescolas m\u00e3es\u201d defendendo um pavilh\u00e3o e a arte da dan\u00e7a do mestre-sala.<\/p>\n<p>&#8211; Estou extremamente feliz e honrado por poder defender um pavilh\u00e3o t\u00e3o importante e hist\u00f3rico como o do Jacarezinho. Me dedicarei para ser iluminado como essa escola \u00e9. AVANTE Jacarezinho! \u2013 avisa o novo segundo mestre-sala que promete continuar trabalhando forte para que esteja cada vez mais preparado para alcan\u00e7ar espa\u00e7os e abrilhantar a cultura do carnaval.<\/p>\n<p>A trajet\u00f3ria da segunda porta-bandeira, Raquel Silva, se inicia aos 14 anos de idade no Rio Grande do Sul na tradicional escola de samba Bambas da Orgia. Em 2007 integrou o projeto de forma\u00e7\u00e3o de casais de mestre-sala e porta-bandeira de Mestre Manoel Dion\u00edsio, no Rio de Janeiro. Passou pelas escolas: Vila Rica, Unidos das Vargens, Rocinha, Em Cima da Hora e Tradi\u00e7\u00e3o. Atualmente \u00e9 tamb\u00e9m a primeira porta-bandeira do Imp\u00e9rio da Uva.<\/p>\n<p>&#8211; Estou muito feliz pelo convite do presidente e da sua diretoria e emocionada com meu retorno ao palco sagrado e principalmente grata por fazer parte desse momento marcante  de muita emo\u00e7\u00e3o do retorno da Unidos do Jacarezinho \u00e0 Marqu\u00eas de Sapuca\u00ed \u2013 declara a segunda porta-bandeira.<\/p>\n<p>A Unidos do Jacarezinho abrir\u00e1 os desfiles da sexta-feira de carnaval, dia 13 de fevereiro, com o enredo \u201cO ar que se respira agora agora inspira novos tempos\u201d, uma homenagem ao compositor, cantor e ator Xande de Pilares, filho da comunidade. A dupla j\u00e1 ensaia forte, focada no desempenho m\u00e1ximo.<\/p>\n<p>Fotos: Divulga\u00e7\u00e3o<\/p>\n","protected":false},"excerpt":{"rendered":"<p>Conhe\u00e7a o novo segundo casal de mestre-sala e porta-bandeira da Unidos do Jacarezinho Pedro Andrade e Raquel Silva estreiam na agremia\u00e7\u00e3o na defesa do segundo pavilh\u00e3o De volta \u00e0 S\u00e9rie Ouro e refor\u00e7ando seus quesitos para disputar o campeonato na Marqu\u00eas de Sapuca\u00ed, a Unidos do Jacarezinho anuncia a chegada do novo segundo casal de [&hellip;]<\/p>\n","protected":false},"author":1,"featured_media":3551,"comment_status":"closed","ping_status":"closed","sticky":false,"template":"","format":"standard","meta":{"footnotes":""},"categories":[13],"tags":[],"class_list":["post-3550","post","type-post","status-publish","format-standard","has-post-thumbnail","hentry","category-fashion"],"_links":{"self":[{"href":"https:\/\/mundodocarnaval.com.br\/pt_br\/wp-json\/wp\/v2\/posts\/3550","targetHints":{"allow":["GET"]}}],"collection":[{"href":"https:\/\/mundodocarnaval.com.br\/pt_br\/wp-json\/wp\/v2\/posts"}],"about":[{"href":"https:\/\/mundodocarnaval.com.br\/pt_br\/wp-json\/wp\/v2\/types\/post"}],"author":[{"embeddable":true,"href":"https:\/\/mundodocarnaval.com.br\/pt_br\/wp-json\/wp\/v2\/users\/1"}],"replies":[{"embeddable":true,"href":"https:\/\/mundodocarnaval.com.br\/pt_br\/wp-json\/wp\/v2\/comments?post=3550"}],"version-history":[{"count":1,"href":"https:\/\/mundodocarnaval.com.br\/pt_br\/wp-json\/wp\/v2\/posts\/3550\/revisions"}],"predecessor-version":[{"id":3552,"href":"https:\/\/mundodocarnaval.com.br\/pt_br\/wp-json\/wp\/v2\/posts\/3550\/revisions\/3552"}],"wp:featuredmedia":[{"embeddable":true,"href":"https:\/\/mundodocarnaval.com.br\/pt_br\/wp-json\/wp\/v2\/media\/3551"}],"wp:attachment":[{"href":"https:\/\/mundodocarnaval.com.br\/pt_br\/wp-json\/wp\/v2\/media?parent=3550"}],"wp:term":[{"taxonomy":"category","embeddable":true,"href":"https:\/\/mundodocarnaval.com.br\/pt_br\/wp-json\/wp\/v2\/categories?post=3550"},{"taxonomy":"post_tag","embeddable":true,"href":"https:\/\/mundodocarnaval.com.br\/pt_br\/wp-json\/wp\/v2\/tags?post=3550"}],"curies":[{"name":"wp","href":"https:\/\/api.w.org\/{rel}","templated":true}]}}