{"id":3553,"date":"2025-08-31T13:02:22","date_gmt":"2025-08-31T16:02:22","guid":{"rendered":"https:\/\/mundodocarnaval.com.br\/?p=3553"},"modified":"2025-08-31T13:02:22","modified_gmt":"2025-08-31T16:02:22","slug":"sem-taxa-de-inscricao-unidos-da-tijuca-abre-vagas","status":"publish","type":"post","link":"https:\/\/mundodocarnaval.com.br\/pt_br\/sem-taxa-de-inscricao-unidos-da-tijuca-abre-vagas\/","title":{"rendered":"Sem taxa de inscri\u00e7\u00e3o: Unidos da Tijuca abre vagas"},"content":{"rendered":"<p>Sem taxa de inscri\u00e7\u00e3o: Unidos da Tijuca abre vagas para novos componentes<\/p>\n<p>A\u00e7\u00e3o acontece no barrac\u00e3o da Cidade do Samba no dia 06 de setembro de 10 \u00e0s 16 horas<\/p>\n<p>Como iniciativa para retomar o protagonismo do ch\u00e3o da escola, uma for\u00e7a que marcou o per\u00edodo glorioso dos seus campeonatos, a Unidos da Tijuca implementou a inscri\u00e7\u00e3o 100% gratuita para suas alas e, por consequ\u00eancia, o fim das alas comerciais. O comprometimento dos componentes inscritos ser\u00e1 o passaporte para o desfile, estruturando o canto e a dan\u00e7a de forma dedicada para atingir as notas m\u00e1ximas. A inscri\u00e7\u00e3o para novos componentes acontece no pr\u00f3ximo s\u00e1bado (6) de 10 \u00e0s 16h no barrac\u00e3o da escola, na Cidade do Samba.<\/p>\n<p>Outra vez, as estrelas do asfalto ser\u00e3o os sambistas, os protagonistas da festa, respons\u00e1veis por dar voz ao espet\u00e1culo. Ap\u00f3s o recadastramento dos antigos componentes, chegou a vez de abrir as vagas para quem nunca desfilou ou deseja voltar a desfilar. Ao comparecerem ao posto de cadastro da escola, os tijucanos ser\u00e3o inseridos na nova plataforma, que possibilitar\u00e1 a emiss\u00e3o de carteirinha, a tomada de presen\u00e7a via QR code e a organiza\u00e7\u00e3o dos eventos e da confec\u00e7\u00e3o das fantasias de forma mais din\u00e2mica e assertiva.<\/p>\n<p>Para o cadastramento \u00e9 necess\u00e1rio apresentar RG e c\u00f3pia do comprovante de resid\u00eancia. O cadastro facial ser\u00e1 feito no momento da inscri\u00e7\u00e3o. Para garantir a fantasia e desfilar com a escola do Borel no dia 16 de fevereiro de 2026, os componentes devem manter a frequ\u00eancia ass\u00eddua nos ensaios que acontecem toda quinta-feira a partir de outubro.<\/p>\n<p>O barrac\u00e3o da Unidos da Tijuca fica localizado na Rua Rivad\u00e1via Correia n\u00ba 60 \u2013 Barrac\u00e3o 12 \u2013 Gamboa.<\/p>\n<p>Fotos: Julie Abreu<\/p>\n","protected":false},"excerpt":{"rendered":"<p>Sem taxa de inscri\u00e7\u00e3o: Unidos da Tijuca abre vagas para novos componentes A\u00e7\u00e3o acontece no barrac\u00e3o da Cidade do Samba no dia 06 de setembro de 10 \u00e0s 16 horas Como iniciativa para retomar o protagonismo do ch\u00e3o da escola, uma for\u00e7a que marcou o per\u00edodo glorioso dos seus campeonatos, a Unidos da Tijuca implementou [&hellip;]<\/p>\n","protected":false},"author":1,"featured_media":3554,"comment_status":"closed","ping_status":"closed","sticky":false,"template":"","format":"standard","meta":{"footnotes":""},"categories":[12],"tags":[],"class_list":["post-3553","post","type-post","status-publish","format-standard","has-post-thumbnail","hentry","category-grupo-especial"],"_links":{"self":[{"href":"https:\/\/mundodocarnaval.com.br\/pt_br\/wp-json\/wp\/v2\/posts\/3553","targetHints":{"allow":["GET"]}}],"collection":[{"href":"https:\/\/mundodocarnaval.com.br\/pt_br\/wp-json\/wp\/v2\/posts"}],"about":[{"href":"https:\/\/mundodocarnaval.com.br\/pt_br\/wp-json\/wp\/v2\/types\/post"}],"author":[{"embeddable":true,"href":"https:\/\/mundodocarnaval.com.br\/pt_br\/wp-json\/wp\/v2\/users\/1"}],"replies":[{"embeddable":true,"href":"https:\/\/mundodocarnaval.com.br\/pt_br\/wp-json\/wp\/v2\/comments?post=3553"}],"version-history":[{"count":1,"href":"https:\/\/mundodocarnaval.com.br\/pt_br\/wp-json\/wp\/v2\/posts\/3553\/revisions"}],"predecessor-version":[{"id":3555,"href":"https:\/\/mundodocarnaval.com.br\/pt_br\/wp-json\/wp\/v2\/posts\/3553\/revisions\/3555"}],"wp:featuredmedia":[{"embeddable":true,"href":"https:\/\/mundodocarnaval.com.br\/pt_br\/wp-json\/wp\/v2\/media\/3554"}],"wp:attachment":[{"href":"https:\/\/mundodocarnaval.com.br\/pt_br\/wp-json\/wp\/v2\/media?parent=3553"}],"wp:term":[{"taxonomy":"category","embeddable":true,"href":"https:\/\/mundodocarnaval.com.br\/pt_br\/wp-json\/wp\/v2\/categories?post=3553"},{"taxonomy":"post_tag","embeddable":true,"href":"https:\/\/mundodocarnaval.com.br\/pt_br\/wp-json\/wp\/v2\/tags?post=3553"}],"curies":[{"name":"wp","href":"https:\/\/api.w.org\/{rel}","templated":true}]}}