{"id":3556,"date":"2025-09-02T16:43:46","date_gmt":"2025-09-02T19:43:46","guid":{"rendered":"https:\/\/mundodocarnaval.com.br\/?p=3556"},"modified":"2025-09-02T16:43:46","modified_gmt":"2025-09-02T19:43:46","slug":"paraiso-do-tuiuti-inicia-inscricoes","status":"publish","type":"post","link":"https:\/\/mundodocarnaval.com.br\/pt_br\/paraiso-do-tuiuti-inicia-inscricoes\/","title":{"rendered":"Para\u00edso do Tuiuti inicia inscri\u00e7\u00f5es"},"content":{"rendered":"<p>Cr\u00e9dito das fotos: Gipe Produ\u00e7\u00e3o\/Divulga\u00e7\u00e3o<\/p>\n<p>Para\u00edso do Tuiuti inicia inscri\u00e7\u00f5es para alas de comunidade<br \/>\nInteressados podem se inscrever toda segunda-feira, na quadra da escola<\/p>\n<p>O Para\u00edso do Tuiuti come\u00e7ou a realizar \u00e0s segundas as inscri\u00e7\u00f5es para os interessados em desfilar nas alas de comunidade da escola. O cadastramento ser\u00e1 feito sempre a partir das 19h, na quadra da agremia\u00e7\u00e3o. Os interessados devem levar documentos b\u00e1sicos, como RG, CPF, comprovante de resid\u00eancia e uma foto 3\u00d74. <\/p>\n<p>Logo ap\u00f3s o cadastro, a partir das 20h, a agremia\u00e7\u00e3o tamb\u00e9m realiza os ensaios de canto com o samba do Carnaval 2026. A quadra do Tuiuti fica no Campo de S\u00e3o Crist\u00f3v\u00e3o, 33, no bairro de S\u00e3o Crist\u00f3v\u00e3o.<\/p>\n<p>No pr\u00f3ximo Carnaval, o Para\u00edso do Tuiuti ser\u00e1 a primeira escola a desfilar na ter\u00e7a-feira de Carnaval com o enredo &#8220;Lon\u00e3 If\u00e1 Lukumi&#8221;, sobre uma vertente religiosa afro-cubana que vem sendo redescoberta no Brasil. O tema ser\u00e1 desenvolvido pelo carnavalesco Jack Vasconcelos.<\/p>\n","protected":false},"excerpt":{"rendered":"<p>Cr\u00e9dito das fotos: Gipe Produ\u00e7\u00e3o\/Divulga\u00e7\u00e3o Para\u00edso do Tuiuti inicia inscri\u00e7\u00f5es para alas de comunidade Interessados podem se inscrever toda segunda-feira, na quadra da escola O Para\u00edso do Tuiuti come\u00e7ou a realizar \u00e0s segundas as inscri\u00e7\u00f5es para os interessados em desfilar nas alas de comunidade da escola. O cadastramento ser\u00e1 feito sempre a partir das 19h, [&hellip;]<\/p>\n","protected":false},"author":1,"featured_media":3557,"comment_status":"closed","ping_status":"closed","sticky":false,"template":"","format":"standard","meta":{"footnotes":""},"categories":[12],"tags":[],"class_list":["post-3556","post","type-post","status-publish","format-standard","has-post-thumbnail","hentry","category-grupo-especial"],"_links":{"self":[{"href":"https:\/\/mundodocarnaval.com.br\/pt_br\/wp-json\/wp\/v2\/posts\/3556","targetHints":{"allow":["GET"]}}],"collection":[{"href":"https:\/\/mundodocarnaval.com.br\/pt_br\/wp-json\/wp\/v2\/posts"}],"about":[{"href":"https:\/\/mundodocarnaval.com.br\/pt_br\/wp-json\/wp\/v2\/types\/post"}],"author":[{"embeddable":true,"href":"https:\/\/mundodocarnaval.com.br\/pt_br\/wp-json\/wp\/v2\/users\/1"}],"replies":[{"embeddable":true,"href":"https:\/\/mundodocarnaval.com.br\/pt_br\/wp-json\/wp\/v2\/comments?post=3556"}],"version-history":[{"count":1,"href":"https:\/\/mundodocarnaval.com.br\/pt_br\/wp-json\/wp\/v2\/posts\/3556\/revisions"}],"predecessor-version":[{"id":3558,"href":"https:\/\/mundodocarnaval.com.br\/pt_br\/wp-json\/wp\/v2\/posts\/3556\/revisions\/3558"}],"wp:featuredmedia":[{"embeddable":true,"href":"https:\/\/mundodocarnaval.com.br\/pt_br\/wp-json\/wp\/v2\/media\/3557"}],"wp:attachment":[{"href":"https:\/\/mundodocarnaval.com.br\/pt_br\/wp-json\/wp\/v2\/media?parent=3556"}],"wp:term":[{"taxonomy":"category","embeddable":true,"href":"https:\/\/mundodocarnaval.com.br\/pt_br\/wp-json\/wp\/v2\/categories?post=3556"},{"taxonomy":"post_tag","embeddable":true,"href":"https:\/\/mundodocarnaval.com.br\/pt_br\/wp-json\/wp\/v2\/tags?post=3556"}],"curies":[{"name":"wp","href":"https:\/\/api.w.org\/{rel}","templated":true}]}}