{"id":3559,"date":"2025-09-02T16:52:22","date_gmt":"2025-09-02T19:52:22","guid":{"rendered":"https:\/\/mundodocarnaval.com.br\/?p=3559"},"modified":"2025-09-02T16:52:22","modified_gmt":"2025-09-02T19:52:22","slug":"thiago-soares-e-quintal-da-magia-no-cacique-de-ramos","status":"publish","type":"post","link":"https:\/\/mundodocarnaval.com.br\/pt_br\/thiago-soares-e-quintal-da-magia-no-cacique-de-ramos\/","title":{"rendered":"Thiago Soares e Quintal da Magia no Cacique de Ramos"},"content":{"rendered":"<p>Projeto Com Magia chega \u00e0 sua quarta edi\u00e7\u00e3o com abertura do grupo Caciqueando<\/p>\n<p>No pr\u00f3ximo s\u00e1bado, 6 de setembro, a partir das 14h, o Cacique de Ramos receber\u00e1 a quarta edi\u00e7\u00e3o do projeto Com Magia, idealizado pelo grupo Quintal da Magia. A programa\u00e7\u00e3o ter\u00e1 in\u00edcio com a apresenta\u00e7\u00e3o do grupo Caciqueando, respons\u00e1vel por trazer ao palco o repert\u00f3rio tradicional do bloco.<\/p>\n<p>Nesta edi\u00e7\u00e3o, o convidado ser\u00e1 o cantor e compositor Thiago Soares, que apresentar\u00e1 sucessos como De Onde Eu Venho, entre dezenas de m\u00fasicas conhecidas pelo p\u00fablico. Recentemente, Thiago lan\u00e7ou o projeto ao vivo M\u00e1ximo Respeito, no qual re\u00fane cl\u00e1ssicos do pagode, faixas in\u00e9ditas e a energia de sua plateia.<\/p>\n<p>Com mais de 15 anos de carreira, Thiago Soares \u00e9 cantor, m\u00fasico e um dos principais compositores de sua gera\u00e7\u00e3o. Gravado por artistas como Ferrugem, P\u00e9ricles e Sorriso Maroto, consolidou-se como uma das vozes consistentes do g\u00eanero, equilibrando romantismo e samba de raiz em repert\u00f3rios que alcan\u00e7am diferentes p\u00fablicos. Com forte presen\u00e7a digital, soma mais de duzentos mil seguidores e mant\u00e9m canal oficial com milhares de inscritos.<\/p>\n<p>O Quintal da Magia, criado em 2017, \u00e9 formado por Jorge Alexandre, Hamilton Fof\u00e3o, Leo Cerqueira e Gil Calazans. O grupo \u00e9 uma das express\u00f5es da nova linhagem do samba carioca, com repert\u00f3rio autoral que inclui faixas como Paralisou, Eu Vou Na F\u00e9 e Diretamente do Quintal. Suas produ\u00e7\u00f5es equilibram fidelidade ao samba de raiz com a leveza do samba rom\u00e2ntico. Nas plataformas digitais, o grupo re\u00fane mais de 150 mil seguidores no Instagram, 16 milh\u00f5es de visualiza\u00e7\u00f5es no YouTube e mais de seis milh\u00f5es de streams no Spotify.<\/p>\n<p>O projeto Com Magia j\u00e1 recebeu nomes como Fundo de Quintal, Caju Pra Baixo e Marquinhos Sensa\u00e7\u00e3o, sempre com grande ades\u00e3o de p\u00fablico. A edi\u00e7\u00e3o com Thiago Soares confirma a consist\u00eancia da proposta, tendo o Cacique de Ramos como palco de refer\u00eancia do samba.<\/p>\n<p>\u201cNosso prop\u00f3sito \u00e9 reunir vozes que caminham lado a lado no samba. O Thiago \u00e9 um artista que respeitamos e admiramos, e este encontro certamente ficar\u00e1 marcado\u201d, afirma Jorge Alexandre, vocalista do Quintal da Magia.<\/p>\n<p>O encerramento ser\u00e1 conjunto, coroando o encontro entre artistas e p\u00fablico.<\/p>\n<p>Servi\u00e7o<br \/>\nCom Magia \u2013 Thiago Soares e Quintal da Magia no Cacique de Ramos<\/p>\n<p>Data: 6 de setembro \u2013 s\u00e1bado<br \/>\nHor\u00e1rio: A partir das 14h<br \/>\nLocal: Cacique de Ramos \u2013 Rua Uranos, 1326 \u2013 Olaria \u2013 RJ<br \/>\nAtra\u00e7\u00f5es: Abertura com Caciqueando | Thiago Soares e Quintal da Magia<br \/>\nIngressos: \u00c0 venda pelo Sympla \u2013 https:\/\/www.sympla.com.br\/evento\/thiago-soares-com-magia-no-cacique-de-ramos\/3044685?referrer=www.google.com<\/p>\n<p>&#8212;<\/p>\n","protected":false},"excerpt":{"rendered":"<p>Projeto Com Magia chega \u00e0 sua quarta edi\u00e7\u00e3o com abertura do grupo Caciqueando No pr\u00f3ximo s\u00e1bado, 6 de setembro, a partir das 14h, o Cacique de Ramos receber\u00e1 a quarta edi\u00e7\u00e3o do projeto Com Magia, idealizado pelo grupo Quintal da Magia. A programa\u00e7\u00e3o ter\u00e1 in\u00edcio com a apresenta\u00e7\u00e3o do grupo Caciqueando, respons\u00e1vel por trazer ao [&hellip;]<\/p>\n","protected":false},"author":1,"featured_media":3560,"comment_status":"closed","ping_status":"closed","sticky":false,"template":"","format":"standard","meta":{"footnotes":""},"categories":[11],"tags":[],"class_list":["post-3559","post","type-post","status-publish","format-standard","has-post-thumbnail","hentry","category-noticias"],"_links":{"self":[{"href":"https:\/\/mundodocarnaval.com.br\/pt_br\/wp-json\/wp\/v2\/posts\/3559","targetHints":{"allow":["GET"]}}],"collection":[{"href":"https:\/\/mundodocarnaval.com.br\/pt_br\/wp-json\/wp\/v2\/posts"}],"about":[{"href":"https:\/\/mundodocarnaval.com.br\/pt_br\/wp-json\/wp\/v2\/types\/post"}],"author":[{"embeddable":true,"href":"https:\/\/mundodocarnaval.com.br\/pt_br\/wp-json\/wp\/v2\/users\/1"}],"replies":[{"embeddable":true,"href":"https:\/\/mundodocarnaval.com.br\/pt_br\/wp-json\/wp\/v2\/comments?post=3559"}],"version-history":[{"count":1,"href":"https:\/\/mundodocarnaval.com.br\/pt_br\/wp-json\/wp\/v2\/posts\/3559\/revisions"}],"predecessor-version":[{"id":3561,"href":"https:\/\/mundodocarnaval.com.br\/pt_br\/wp-json\/wp\/v2\/posts\/3559\/revisions\/3561"}],"wp:featuredmedia":[{"embeddable":true,"href":"https:\/\/mundodocarnaval.com.br\/pt_br\/wp-json\/wp\/v2\/media\/3560"}],"wp:attachment":[{"href":"https:\/\/mundodocarnaval.com.br\/pt_br\/wp-json\/wp\/v2\/media?parent=3559"}],"wp:term":[{"taxonomy":"category","embeddable":true,"href":"https:\/\/mundodocarnaval.com.br\/pt_br\/wp-json\/wp\/v2\/categories?post=3559"},{"taxonomy":"post_tag","embeddable":true,"href":"https:\/\/mundodocarnaval.com.br\/pt_br\/wp-json\/wp\/v2\/tags?post=3559"}],"curies":[{"name":"wp","href":"https:\/\/api.w.org\/{rel}","templated":true}]}}