{"id":3562,"date":"2025-09-02T17:01:56","date_gmt":"2025-09-02T20:01:56","guid":{"rendered":"https:\/\/mundodocarnaval.com.br\/?p=3562"},"modified":"2025-09-02T17:01:56","modified_gmt":"2025-09-02T20:01:56","slug":"unidos-da-tijuca-leva-quatro-sambas-para-a-semifinal","status":"publish","type":"post","link":"https:\/\/mundodocarnaval.com.br\/pt_br\/unidos-da-tijuca-leva-quatro-sambas-para-a-semifinal\/","title":{"rendered":"Unidos da Tijuca leva quatro sambas para a semifinal"},"content":{"rendered":"<p>Unidos da Tijuca leva quatro sambas para a semifinal que ser\u00e1 realizada nesta quinta<\/p>\n<p>Evento acontece na quadra de ensaios do Santo Cristo<\/p>\n<p>A Unidos da Tijuca entra na reta final da escolha do hino que cantar\u00e1 na Avenida em 2026, que servir\u00e1 de trilha sonora para o enredo \u201cCarolina Maria de Jesus\u201d. A semifinal acontece nesta quinta, 04 de setembro, a partir das 19 horas, na quadra da agremia\u00e7\u00e3o, situada no Santo Cristo. A entrada \u00e9 franca para segmentos e componentes inscritos para o pr\u00f3ximo desfile.<\/p>\n<p>Quatro parcerias disputar\u00e3o tr\u00eas vagas para a grande final que acontecer\u00e1 dia 13 de setembro, data que tamb\u00e9m ser\u00e1 marcada pela coroa\u00e7\u00e3o da rainha de bateria Mileide Mihaile.  Para a pen\u00faltima etapa eliminat\u00f3ria, a escola abrir\u00e1 as portas de sua quadra a partir das 19h para a escolha dos sambas finalistas. Os ingressos poder\u00e3o ser adquiridos antecipadamente atrav\u00e9s do Sympla ou no televendas 21 96451-5719. A pista custa R$ 30,00 (antecipado). As mesas para 4 pessoas (com ingressos inclusos) sai por R$ 300,00. Os camarotes inferiores para 10 pessoas custam R$ 800 e os superiores R$ 1.000,00. Quem preferir poder\u00e1 adquirir diretamente na bilheteria, no hor\u00e1rio do evento.<\/p>\n<p>Confira as parcerias semifinalistas:<\/p>\n<p>Samba Concorrente 1 &#8211; Compositores: Leandro Ga\u00facho, Anderson Benson, Maia Cordeiro, Clairton Fonseca, Foga\u00e7a, Paulo Marrocos , Ailson Pican\u00e7o e Manoel Netto<\/p>\n<p>Samba Concorrente 7 &#8211; Compositores: Lico Monteiro, Samir Trindade, Leandro Thomaz, Marcelo Adnet, Marcelo Lepiane, Telmo Augusto, Gigi da Estiva e Juca.<\/p>\n<p>Samba Concorrente  8 &#8211; Compositores: Gabriel Machado, Julio Pag\u00e9, Robson Bastos, Miguel Dibo, Serginho Motta, Orlando Ambr\u00f3sio, Jeferson Oliveira e Lucas Macedo<\/p>\n<p>Samba Concorrente 16 \u2013 Compositores: Arlindinho, Babi Cruz, Diego Nicolau, Adolfo Konder, Felipe Petrini, Luiz Pavarotti, Michel Portugal e Fred Camacho<\/p>\n<p>A quadra da escola fica situada \u00e0 Avenida Francisco Bicalho n\u00ba 47 \u2013 Santo Cristo. H\u00e1 estacionamento amplo no local.  <\/p>\n<p>Servi\u00e7o:  <\/p>\n<p>Semifinal de Samba-Enredo &#8211; Carnaval 2026<\/p>\n<p>Data: 04\/09\/2025<\/p>\n<p>Hor\u00e1rio: A partir das 19h<\/p>\n<p>Entrada: R$ 30,00 (antecipado) &#8211; Mesa Vip para 4 pessoas &#8211; R$ 300,00 \u2013 Camarote Inferior para 10 pessoas \u2013 R$ 800,00 \/ Superior R$ 1.000,00<\/p>\n<p>Reserva de Mesas \u2013 https:\/\/www.sympla.com.br\/evento\/gres-unidos-da-tijuca-semifinal-de-samba-enredo\/3097268<\/p>\n<p>Local: Avenida Francisco Bicalho n\u00ba 47 \u2013 Santo Cristo  <\/p>\n<p>Classifica\u00e7\u00e3o Livre  <\/p>\n<p>Fotos: Mauro Samagaio<\/p>\n","protected":false},"excerpt":{"rendered":"<p>Unidos da Tijuca leva quatro sambas para a semifinal que ser\u00e1 realizada nesta quinta Evento acontece na quadra de ensaios do Santo Cristo A Unidos da Tijuca entra na reta final da escolha do hino que cantar\u00e1 na Avenida em 2026, que servir\u00e1 de trilha sonora para o enredo \u201cCarolina Maria de Jesus\u201d. A semifinal [&hellip;]<\/p>\n","protected":false},"author":1,"featured_media":3563,"comment_status":"closed","ping_status":"closed","sticky":false,"template":"","format":"standard","meta":{"footnotes":""},"categories":[12],"tags":[],"class_list":["post-3562","post","type-post","status-publish","format-standard","has-post-thumbnail","hentry","category-grupo-especial"],"_links":{"self":[{"href":"https:\/\/mundodocarnaval.com.br\/pt_br\/wp-json\/wp\/v2\/posts\/3562","targetHints":{"allow":["GET"]}}],"collection":[{"href":"https:\/\/mundodocarnaval.com.br\/pt_br\/wp-json\/wp\/v2\/posts"}],"about":[{"href":"https:\/\/mundodocarnaval.com.br\/pt_br\/wp-json\/wp\/v2\/types\/post"}],"author":[{"embeddable":true,"href":"https:\/\/mundodocarnaval.com.br\/pt_br\/wp-json\/wp\/v2\/users\/1"}],"replies":[{"embeddable":true,"href":"https:\/\/mundodocarnaval.com.br\/pt_br\/wp-json\/wp\/v2\/comments?post=3562"}],"version-history":[{"count":1,"href":"https:\/\/mundodocarnaval.com.br\/pt_br\/wp-json\/wp\/v2\/posts\/3562\/revisions"}],"predecessor-version":[{"id":3564,"href":"https:\/\/mundodocarnaval.com.br\/pt_br\/wp-json\/wp\/v2\/posts\/3562\/revisions\/3564"}],"wp:featuredmedia":[{"embeddable":true,"href":"https:\/\/mundodocarnaval.com.br\/pt_br\/wp-json\/wp\/v2\/media\/3563"}],"wp:attachment":[{"href":"https:\/\/mundodocarnaval.com.br\/pt_br\/wp-json\/wp\/v2\/media?parent=3562"}],"wp:term":[{"taxonomy":"category","embeddable":true,"href":"https:\/\/mundodocarnaval.com.br\/pt_br\/wp-json\/wp\/v2\/categories?post=3562"},{"taxonomy":"post_tag","embeddable":true,"href":"https:\/\/mundodocarnaval.com.br\/pt_br\/wp-json\/wp\/v2\/tags?post=3562"}],"curies":[{"name":"wp","href":"https:\/\/api.w.org\/{rel}","templated":true}]}}