{"id":3565,"date":"2025-09-02T17:11:06","date_gmt":"2025-09-02T20:11:06","guid":{"rendered":"https:\/\/mundodocarnaval.com.br\/?p=3565"},"modified":"2025-09-02T17:11:06","modified_gmt":"2025-09-02T20:11:06","slug":"uniao-de-marica-recebe-samba-de-caboclo","status":"publish","type":"post","link":"https:\/\/mundodocarnaval.com.br\/pt_br\/uniao-de-marica-recebe-samba-de-caboclo\/","title":{"rendered":"Uni\u00e3o de Maric\u00e1 recebe Samba de Caboclo"},"content":{"rendered":"<p>Uni\u00e3o de Maric\u00e1 recebe Samba de Caboclo em festa para samba-enredo do Carnaval 2026 no s\u00e1bado (6)<br \/>\nEvento tem entrada com 1kg de alimento, roda de samba e show dos segmentos<\/p>\n<p>A Uni\u00e3o de Maric\u00e1 vai transformar sua quadra em um grande palco de festa no pr\u00f3ximo s\u00e1bado (6), a partir das 18h, para celebrar o samba-enredo campe\u00e3o do Carnaval 2026. A noite ter\u00e1 como atra\u00e7\u00e3o principal a estreia em Maric\u00e1 do grupo Samba de Caboclo, que comanda uma super roda de samba, al\u00e9m de um show completo dos segmentos da escola liderados pelo int\u00e9rprete oficial Z\u00e9 Paulo Sierra e a abertura com o cantor Babby. A entrada \u00e9 solid\u00e1ria, mediante doa\u00e7\u00e3o de 1kg de alimento n\u00e3o perec\u00edvel.<\/p>\n<p>Matheus Santos, presidente da Uni\u00e3o de Maric\u00e1, destacou a import\u00e2ncia da agenda movimentada de eventos promovidos pela escola. Ele tamb\u00e9m frisou que o momento ser\u00e1 de celebra\u00e7\u00e3o rumo ao pr\u00f3ximo desfile.<\/p>\n<p>\u201cEste ser\u00e1 um momento de alegria e confraterniza\u00e7\u00e3o, em que nossa comunidade vai celebrar o samba escolhido para o Carnaval 2026. A movimenta\u00e7\u00e3o constante da quadra \u00e9 fundamental, porque este espa\u00e7o \u00e9 mais do que o cora\u00e7\u00e3o da escola, \u00e9 um lugar de encontro, for\u00e7a cultural e fortalecimento da nossa identidade como escola de samba. Receber o Samba de Caboclo em Maric\u00e1, pela primeira vez, tamb\u00e9m \u00e9 um presente para todos n\u00f3s\u201d, afirmou Santos.<\/p>\n<p>Em 2026, a Uni\u00e3o de Maric\u00e1 ser\u00e1 a sexta escola a cruzar a Sapuca\u00ed no dia 14 de fevereiro, s\u00e1bado, pela S\u00e9rie Ouro. A composi\u00e7\u00e3o de Babby do Cavaco, Rafael Gigante, Marcelo Adnet, H\u00e9lio Porto, Jefferson Oliveira e Andr\u00e9 do Posto 7 ir\u00e1 embalar a escola em busca do acesso ao Grupo Especial.<\/p>\n<p>Fotos: Renata Xavier<\/p>\n","protected":false},"excerpt":{"rendered":"<p>Uni\u00e3o de Maric\u00e1 recebe Samba de Caboclo em festa para samba-enredo do Carnaval 2026 no s\u00e1bado (6) Evento tem entrada com 1kg de alimento, roda de samba e show dos segmentos A Uni\u00e3o de Maric\u00e1 vai transformar sua quadra em um grande palco de festa no pr\u00f3ximo s\u00e1bado (6), a partir das 18h, para celebrar [&hellip;]<\/p>\n","protected":false},"author":1,"featured_media":3566,"comment_status":"closed","ping_status":"closed","sticky":false,"template":"","format":"standard","meta":{"footnotes":""},"categories":[13],"tags":[],"class_list":["post-3565","post","type-post","status-publish","format-standard","has-post-thumbnail","hentry","category-fashion"],"_links":{"self":[{"href":"https:\/\/mundodocarnaval.com.br\/pt_br\/wp-json\/wp\/v2\/posts\/3565","targetHints":{"allow":["GET"]}}],"collection":[{"href":"https:\/\/mundodocarnaval.com.br\/pt_br\/wp-json\/wp\/v2\/posts"}],"about":[{"href":"https:\/\/mundodocarnaval.com.br\/pt_br\/wp-json\/wp\/v2\/types\/post"}],"author":[{"embeddable":true,"href":"https:\/\/mundodocarnaval.com.br\/pt_br\/wp-json\/wp\/v2\/users\/1"}],"replies":[{"embeddable":true,"href":"https:\/\/mundodocarnaval.com.br\/pt_br\/wp-json\/wp\/v2\/comments?post=3565"}],"version-history":[{"count":1,"href":"https:\/\/mundodocarnaval.com.br\/pt_br\/wp-json\/wp\/v2\/posts\/3565\/revisions"}],"predecessor-version":[{"id":3567,"href":"https:\/\/mundodocarnaval.com.br\/pt_br\/wp-json\/wp\/v2\/posts\/3565\/revisions\/3567"}],"wp:featuredmedia":[{"embeddable":true,"href":"https:\/\/mundodocarnaval.com.br\/pt_br\/wp-json\/wp\/v2\/media\/3566"}],"wp:attachment":[{"href":"https:\/\/mundodocarnaval.com.br\/pt_br\/wp-json\/wp\/v2\/media?parent=3565"}],"wp:term":[{"taxonomy":"category","embeddable":true,"href":"https:\/\/mundodocarnaval.com.br\/pt_br\/wp-json\/wp\/v2\/categories?post=3565"},{"taxonomy":"post_tag","embeddable":true,"href":"https:\/\/mundodocarnaval.com.br\/pt_br\/wp-json\/wp\/v2\/tags?post=3565"}],"curies":[{"name":"wp","href":"https:\/\/api.w.org\/{rel}","templated":true}]}}