{"id":3568,"date":"2025-09-02T19:51:05","date_gmt":"2025-09-02T22:51:05","guid":{"rendered":"https:\/\/mundodocarnaval.com.br\/?p=3568"},"modified":"2025-09-02T20:08:58","modified_gmt":"2025-09-02T23:08:58","slug":"vila-isabel-leva-disputa-de-samba-a-pedra-do-sal","status":"publish","type":"post","link":"https:\/\/mundodocarnaval.com.br\/pt_br\/vila-isabel-leva-disputa-de-samba-a-pedra-do-sal\/","title":{"rendered":"Vila Isabel leva disputa de samba \u00e0 Pedra do Sal"},"content":{"rendered":"<p>Vila Isabel leva disputa de samba \u00e0 Pedra do Sal e celebra ra\u00edzes do samba antes da grande final<\/p>\n<p>A Unidos de Vila Isabel volta \u00e0s origens do samba neste s\u00e1bado (6), para um encontro especial na hist\u00f3rica Pedra do Sal, cora\u00e7\u00e3o da Pequena \u00c1frica, no Rio de Janeiro. O evento gratuito marca a apresenta\u00e7\u00e3o dos tr\u00eas sambas finalistas da disputa que escolher\u00e1 o hino oficial do Carnaval 2026 da azul e branca.<\/p>\n<p>A disputa teve in\u00edcio em 15 de agosto e, ap\u00f3s semanas de intensa competi\u00e7\u00e3o, entra agora em sua reta final. A semifinal acontece na sexta-feira (5), na quadra da escola. J\u00e1 no s\u00e1bado, os finalistas levar\u00e3o suas obras ao palco simb\u00f3lico da cultura afro-carioca, a partir das 15h, em uma grande celebra\u00e7\u00e3o que contar\u00e1 com um show especial da escola seguido pela apresenta\u00e7\u00e3o dos sambas concorrentes. A grande final est\u00e1 marcada para o dia 12, tamb\u00e9m na quadra da Unidos de Vila Isabel.<\/p>\n<p>Este ano, a escola homenageia Heitor dos Prazeres com o enredo \u201cMacumbemb\u00ea, Samboremb\u00e1: Sonhei que um sambista sonhou a \u00c1frica\u201d. Pintor, compositor e sambista, Heitor teve uma rela\u00e7\u00e3o \u00edntima com a regi\u00e3o da Pedra do Sal, espa\u00e7o que foi ber\u00e7o do samba carioca e ponto de encontro de grandes nomes da m\u00fasica, da cultura e da religiosidade afro-brasileira. Levar a disputa para este local refor\u00e7a o compromisso da Vila Isabel em celebrar a ancestralidade e as ra\u00edzes do samba.<\/p>\n<p>\u201cLevar nossa disputa para a Pedra do Sal \u00e9 um gesto de respeito e reconhecimento \u00e0s ra\u00edzes do samba e \u00e0 hist\u00f3ria da Pequena \u00c1frica. \u00c9 um momento de celebrar a ancestralidade e aproximar a comunidade dessa etapa t\u00e3o importante para o nosso desfile\u201d, destaca Mois\u00e9s Carvalho, diretor de Carnaval da Unidos de Vila Isabel.<\/p>\n<p>O festejo na Pedra do Sal promete unir tradi\u00e7\u00e3o e festa popular, abrindo caminho para a grande final que definir\u00e1 o samba-enredo oficial da agremia\u00e7\u00e3o para o pr\u00f3ximo Carnaval.<\/p>\n","protected":false},"excerpt":{"rendered":"<p>Vila Isabel leva disputa de samba \u00e0 Pedra do Sal e celebra ra\u00edzes do samba antes da grande final A Unidos de Vila Isabel volta \u00e0s origens do samba neste s\u00e1bado (6), para um encontro especial na hist\u00f3rica Pedra do Sal, cora\u00e7\u00e3o da Pequena \u00c1frica, no Rio de Janeiro. O evento gratuito marca a apresenta\u00e7\u00e3o [&hellip;]<\/p>\n","protected":false},"author":1,"featured_media":3569,"comment_status":"closed","ping_status":"closed","sticky":false,"template":"","format":"standard","meta":{"footnotes":""},"categories":[12],"tags":[],"class_list":["post-3568","post","type-post","status-publish","format-standard","has-post-thumbnail","hentry","category-grupo-especial"],"_links":{"self":[{"href":"https:\/\/mundodocarnaval.com.br\/pt_br\/wp-json\/wp\/v2\/posts\/3568","targetHints":{"allow":["GET"]}}],"collection":[{"href":"https:\/\/mundodocarnaval.com.br\/pt_br\/wp-json\/wp\/v2\/posts"}],"about":[{"href":"https:\/\/mundodocarnaval.com.br\/pt_br\/wp-json\/wp\/v2\/types\/post"}],"author":[{"embeddable":true,"href":"https:\/\/mundodocarnaval.com.br\/pt_br\/wp-json\/wp\/v2\/users\/1"}],"replies":[{"embeddable":true,"href":"https:\/\/mundodocarnaval.com.br\/pt_br\/wp-json\/wp\/v2\/comments?post=3568"}],"version-history":[{"count":1,"href":"https:\/\/mundodocarnaval.com.br\/pt_br\/wp-json\/wp\/v2\/posts\/3568\/revisions"}],"predecessor-version":[{"id":3570,"href":"https:\/\/mundodocarnaval.com.br\/pt_br\/wp-json\/wp\/v2\/posts\/3568\/revisions\/3570"}],"wp:featuredmedia":[{"embeddable":true,"href":"https:\/\/mundodocarnaval.com.br\/pt_br\/wp-json\/wp\/v2\/media\/3569"}],"wp:attachment":[{"href":"https:\/\/mundodocarnaval.com.br\/pt_br\/wp-json\/wp\/v2\/media?parent=3568"}],"wp:term":[{"taxonomy":"category","embeddable":true,"href":"https:\/\/mundodocarnaval.com.br\/pt_br\/wp-json\/wp\/v2\/categories?post=3568"},{"taxonomy":"post_tag","embeddable":true,"href":"https:\/\/mundodocarnaval.com.br\/pt_br\/wp-json\/wp\/v2\/tags?post=3568"}],"curies":[{"name":"wp","href":"https:\/\/api.w.org\/{rel}","templated":true}]}}