{"id":3574,"date":"2025-09-02T20:44:23","date_gmt":"2025-09-02T23:44:23","guid":{"rendered":"https:\/\/mundodocarnaval.com.br\/?p=3574"},"modified":"2025-09-02T20:44:23","modified_gmt":"2025-09-02T23:44:23","slug":"mocidade-unida-do-santa-marta-divulga-calendario","status":"publish","type":"post","link":"https:\/\/mundodocarnaval.com.br\/pt_br\/mocidade-unida-do-santa-marta-divulga-calendario\/","title":{"rendered":"Mocidade Unida do Santa Marta divulga calend\u00e1rio"},"content":{"rendered":"<p>Mocidade Unida do Santa Marta divulga calend\u00e1rio da disputa de samba de 2026<\/p>\n<p>Na expectativa para abrir o carnaval da S\u00e9rie Prata em 2026, a Mocidade Unida do Santa Marta divulgou o calend\u00e1rio oficial da disputa de samba para o pr\u00f3ximo desfile. O concurso definir\u00e1 a obra oficial do enredo \u201cSamba \u00e9 minha cacha\u00e7a\u201d, desenvolvido pela carnavalesca Carila Matzenbacher e pelo enredista Patrick Felipe. O regulamento prev\u00ea tr\u00eas sambas na grande final com uma premia\u00e7\u00e3o de R$. 2.000,00 (dois mil reais)<\/p>\n<p>Calend\u00e1rio:<br \/>\n05 de setembro \u2013 Entrega dos sambas concorrentes<br \/>\n07 de setembro \u2013 Apresenta\u00e7\u00e3o dos sambas na quadra<br \/>\n21 de setembro \u2013 1\u00ba corte<br \/>\n04 de outubro &#8211; Semifinal<br \/>\n24 de outubro \u2013 Grande Final<br \/>\n20 de novembro \u2013 Apresenta\u00e7\u00e3o do samba oficial na voz do carro de som<\/p>\n<p>A agremia\u00e7\u00e3o abrir\u00e1 os desfiles da S\u00e9rie Prata em 2026 desfilando no domingo, 15 de fevereiro, na Intendente Magalh\u00e3es.<\/p>\n","protected":false},"excerpt":{"rendered":"<p>Mocidade Unida do Santa Marta divulga calend\u00e1rio da disputa de samba de 2026 Na expectativa para abrir o carnaval da S\u00e9rie Prata em 2026, a Mocidade Unida do Santa Marta divulgou o calend\u00e1rio oficial da disputa de samba para o pr\u00f3ximo desfile. O concurso definir\u00e1 a obra oficial do enredo \u201cSamba \u00e9 minha cacha\u00e7a\u201d, desenvolvido [&hellip;]<\/p>\n","protected":false},"author":1,"featured_media":3575,"comment_status":"closed","ping_status":"closed","sticky":false,"template":"","format":"standard","meta":{"footnotes":""},"categories":[14],"tags":[],"class_list":["post-3574","post","type-post","status-publish","format-standard","has-post-thumbnail","hentry","category-gadgets"],"_links":{"self":[{"href":"https:\/\/mundodocarnaval.com.br\/pt_br\/wp-json\/wp\/v2\/posts\/3574","targetHints":{"allow":["GET"]}}],"collection":[{"href":"https:\/\/mundodocarnaval.com.br\/pt_br\/wp-json\/wp\/v2\/posts"}],"about":[{"href":"https:\/\/mundodocarnaval.com.br\/pt_br\/wp-json\/wp\/v2\/types\/post"}],"author":[{"embeddable":true,"href":"https:\/\/mundodocarnaval.com.br\/pt_br\/wp-json\/wp\/v2\/users\/1"}],"replies":[{"embeddable":true,"href":"https:\/\/mundodocarnaval.com.br\/pt_br\/wp-json\/wp\/v2\/comments?post=3574"}],"version-history":[{"count":1,"href":"https:\/\/mundodocarnaval.com.br\/pt_br\/wp-json\/wp\/v2\/posts\/3574\/revisions"}],"predecessor-version":[{"id":3576,"href":"https:\/\/mundodocarnaval.com.br\/pt_br\/wp-json\/wp\/v2\/posts\/3574\/revisions\/3576"}],"wp:featuredmedia":[{"embeddable":true,"href":"https:\/\/mundodocarnaval.com.br\/pt_br\/wp-json\/wp\/v2\/media\/3575"}],"wp:attachment":[{"href":"https:\/\/mundodocarnaval.com.br\/pt_br\/wp-json\/wp\/v2\/media?parent=3574"}],"wp:term":[{"taxonomy":"category","embeddable":true,"href":"https:\/\/mundodocarnaval.com.br\/pt_br\/wp-json\/wp\/v2\/categories?post=3574"},{"taxonomy":"post_tag","embeddable":true,"href":"https:\/\/mundodocarnaval.com.br\/pt_br\/wp-json\/wp\/v2\/tags?post=3574"}],"curies":[{"name":"wp","href":"https:\/\/api.w.org\/{rel}","templated":true}]}}