{"id":3577,"date":"2025-09-02T20:50:06","date_gmt":"2025-09-02T23:50:06","guid":{"rendered":"https:\/\/mundodocarnaval.com.br\/?p=3577"},"modified":"2025-09-02T20:50:06","modified_gmt":"2025-09-02T23:50:06","slug":"com-mais-de-4-mil-criacoes-atelie-daniel-zarmanno-projeta-novidades","status":"publish","type":"post","link":"https:\/\/mundodocarnaval.com.br\/pt_br\/com-mais-de-4-mil-criacoes-atelie-daniel-zarmanno-projeta-novidades\/","title":{"rendered":"Com mais de 4 mil cria\u00e7\u00f5es, Ateli\u00ea Daniel Zarmanno projeta novidades"},"content":{"rendered":"<p>Com mais de 4 mil cria\u00e7\u00f5es, Ateli\u00ea Daniel Zarmanno projeta novidades e grandes expectativas para o Carnaval 2026<\/p>\n<p>Reconhecido como um dos principais nomes na cria\u00e7\u00e3o de roupas fantasias de carnaval, o Ateli\u00ea Daniel Zarmanno segue ampliando horizontes e consolidando sua marca como refer\u00eancia de excel\u00eancia e criatividade. Ap\u00f3s um 2024 marcante, em que foi respons\u00e1vel por tr\u00eas figurinos no Concurso da Corte do Carnaval Carioca, incluindo o traje da campe\u00e3 Thuane Werneck, o ateli\u00ea j\u00e1 projeta grandes novidades e expectativas para o Carnaval de 2026.<\/p>\n<p>Com mais de 4.000 cria\u00e7\u00f5es entregues ao longo de sua trajet\u00f3ria, Daniel Zarmanno soma experi\u00eancia, ousadia e sofistica\u00e7\u00e3o na confec\u00e7\u00e3o de fantasias. Para a pr\u00f3xima temporada, o estilista j\u00e1 tem projetos confirmados em finais de samba do Grupo Especial, reafirmando sua presen\u00e7a no maior espet\u00e1culo da Terra.<\/p>\n<p>Para Daniel Zarmanno, o futuro \u00e9 de celebra\u00e7\u00e3o e reconhecimento: \u201cNosso compromisso \u00e9 transformar sonhos em realidade atrav\u00e9s de fantasias que emocionem e enalte\u00e7am o carnaval. O de 2026 ser\u00e1 um cap\u00edtulo ainda mais especial da nossa hist\u00f3ria. Ver cada cliente vestindo uma pe\u00e7a que foi idealizada e sonhada por elas \u00e9 uma grande realiza\u00e7\u00e3o\u201d revela Zarmanno.<\/p>\n<p>Recentemente, o Ateli\u00ea Daniel Zarmanno atendeu nomes de destaque do carnaval carioca, como Carolane Silva, rainha de bateria da Inocentes de Belford Roxo; Amanda Omin, nova musa da comunidade do Salgueiro; Thamara Lopes, musa da comunidade do Para\u00edso do Tuiuti; Lili Tud\u00e3o, musa da Est\u00e1cio de S\u00e1; e Dandara Ventapane, porta-bandeira da Unidos de Vila Isabel.<\/p>\n","protected":false},"excerpt":{"rendered":"<p>Com mais de 4 mil cria\u00e7\u00f5es, Ateli\u00ea Daniel Zarmanno projeta novidades e grandes expectativas para o Carnaval 2026 Reconhecido como um dos principais nomes na cria\u00e7\u00e3o de roupas fantasias de carnaval, o Ateli\u00ea Daniel Zarmanno segue ampliando horizontes e consolidando sua marca como refer\u00eancia de excel\u00eancia e criatividade. Ap\u00f3s um 2024 marcante, em que foi [&hellip;]<\/p>\n","protected":false},"author":1,"featured_media":3578,"comment_status":"closed","ping_status":"closed","sticky":false,"template":"","format":"standard","meta":{"footnotes":""},"categories":[11],"tags":[],"class_list":["post-3577","post","type-post","status-publish","format-standard","has-post-thumbnail","hentry","category-noticias"],"_links":{"self":[{"href":"https:\/\/mundodocarnaval.com.br\/pt_br\/wp-json\/wp\/v2\/posts\/3577","targetHints":{"allow":["GET"]}}],"collection":[{"href":"https:\/\/mundodocarnaval.com.br\/pt_br\/wp-json\/wp\/v2\/posts"}],"about":[{"href":"https:\/\/mundodocarnaval.com.br\/pt_br\/wp-json\/wp\/v2\/types\/post"}],"author":[{"embeddable":true,"href":"https:\/\/mundodocarnaval.com.br\/pt_br\/wp-json\/wp\/v2\/users\/1"}],"replies":[{"embeddable":true,"href":"https:\/\/mundodocarnaval.com.br\/pt_br\/wp-json\/wp\/v2\/comments?post=3577"}],"version-history":[{"count":1,"href":"https:\/\/mundodocarnaval.com.br\/pt_br\/wp-json\/wp\/v2\/posts\/3577\/revisions"}],"predecessor-version":[{"id":3579,"href":"https:\/\/mundodocarnaval.com.br\/pt_br\/wp-json\/wp\/v2\/posts\/3577\/revisions\/3579"}],"wp:featuredmedia":[{"embeddable":true,"href":"https:\/\/mundodocarnaval.com.br\/pt_br\/wp-json\/wp\/v2\/media\/3578"}],"wp:attachment":[{"href":"https:\/\/mundodocarnaval.com.br\/pt_br\/wp-json\/wp\/v2\/media?parent=3577"}],"wp:term":[{"taxonomy":"category","embeddable":true,"href":"https:\/\/mundodocarnaval.com.br\/pt_br\/wp-json\/wp\/v2\/categories?post=3577"},{"taxonomy":"post_tag","embeddable":true,"href":"https:\/\/mundodocarnaval.com.br\/pt_br\/wp-json\/wp\/v2\/tags?post=3577"}],"curies":[{"name":"wp","href":"https:\/\/api.w.org\/{rel}","templated":true}]}}