{"id":3580,"date":"2025-09-03T18:00:56","date_gmt":"2025-09-03T21:00:56","guid":{"rendered":"https:\/\/mundodocarnaval.com.br\/?p=3580"},"modified":"2025-09-03T18:00:56","modified_gmt":"2025-09-03T21:00:56","slug":"unidos-de-cosmos-realiza-final-de-samba-enredo","status":"publish","type":"post","link":"https:\/\/mundodocarnaval.com.br\/pt_br\/unidos-de-cosmos-realiza-final-de-samba-enredo\/","title":{"rendered":"Unidos de Cosmos realiza final de samba-enredo"},"content":{"rendered":"<p>Links dos sambas:<\/p>\n<p>Samba 1: https:\/\/www.instagram.com\/p\/DMGOND3PxIS<br \/>\nSamba 2: https:\/\/www.instagram.com\/p\/DMGPVCPvlAn<br \/>\nSamba 4: https:\/\/www.instagram.com\/p\/DMGSTufvH9g<br \/>\nUnidos de Cosmos realiza final de samba-enredo para o Carnaval 2026<\/p>\n<p>O G.R.E.S. Unidos de Cosmos realiza, nesta sexta-feira (5), a grande final de samba-enredo que vai definir o hino oficial da escola para o Carnaval 2026. O evento, marcado para as 20h, promete movimentar a comunidade com uma noite de festa, que inclui a apresenta\u00e7\u00e3o do grupo T\u00e1 No Jeito na abertura e a escolha do samba que vai embalar o desfile do pr\u00f3ximo ano.<\/p>\n<p>A disputa re\u00fane tr\u00eas obras finalistas e gera grande expectativa na agremia\u00e7\u00e3o. O Mestre Buda destacou a prepara\u00e7\u00e3o intensa para o evento e garantiu uma apresenta\u00e7\u00e3o \u00e0 altura da hist\u00f3ria da Unidos de Cosmos:<\/p>\n<p>\u201cA expectativa \u00e9 alt\u00edssima, s\u00e3o tr\u00eas grandes sambas, os compositores est\u00e3o de parab\u00e9ns. Eu, junto com a minha diretoria, j\u00e1 estamos projetando tudo para o desfile e estudando cada detalhe de cada samba para que possamos fazer as bossas e ajudar cada vez mais a nossa escola, levando para o desfile uma bateria \u00e0 altura que a Cosmos merece. Pode ter certeza que a comunidade pode esperar uma apresenta\u00e7\u00e3o diferenciada nessa final e, obviamente, na Avenida.\u201d<\/p>\n<p>Al\u00e9m da disputa musical, o p\u00fablico ter\u00e1 \u00e0 disposi\u00e7\u00e3o um espa\u00e7o com servi\u00e7o completo de bar e cozinha, oferecendo bebidas geladas, petiscos e pratos variados. Mesas antecipadas est\u00e3o sendo vendidas a pre\u00e7os acess\u00edveis, refor\u00e7ando o car\u00e1ter comunit\u00e1rio da festa.<\/p>\n<p>\ud83d\udccc Servi\u00e7o<\/p>\n<p>Evento: Final de Samba-Enredo do G.R.E.S. Unidos de Cosmos \u2013 Carnaval 2026<br \/>\nData e hora: Sexta-feira, 5 de setembro, \u00e0s 20h<br \/>\nLocal: Quadra do G.R.E.S. Unidos de Cosmos \u2013 Rua Igua\u00e7u, 191, Cosmos<br \/>\nAtra\u00e7\u00f5es: Show de abertura com o grupo T\u00e1 No Jeito e escolha do samba-enredo campe\u00e3o<br \/>\nServi\u00e7os: Bar e cozinha com bebidas geladas, petiscos e pratos variados<br \/>\nValor das mesas: R$ 10,00 (antecipadas)<br \/>\nReservas e informa\u00e7\u00f5es: (21) 98461-0970 \u2013 Monique<br \/>\nApoio: Superliga RJ, Tudo Numa Coisa S\u00f3, Cantinho do Bolinho<br \/>\nInstagram oficial: @gresunidosdecosmosofc<\/p>\n","protected":false},"excerpt":{"rendered":"<p>Links dos sambas: Samba 1: https:\/\/www.instagram.com\/p\/DMGOND3PxIS Samba 2: https:\/\/www.instagram.com\/p\/DMGPVCPvlAn Samba 4: https:\/\/www.instagram.com\/p\/DMGSTufvH9g Unidos de Cosmos realiza final de samba-enredo para o Carnaval 2026 O G.R.E.S. Unidos de Cosmos realiza, nesta sexta-feira (5), a grande final de samba-enredo que vai definir o hino oficial da escola para o Carnaval 2026. O evento, marcado para as 20h, [&hellip;]<\/p>\n","protected":false},"author":1,"featured_media":3581,"comment_status":"closed","ping_status":"closed","sticky":false,"template":"","format":"standard","meta":{"footnotes":""},"categories":[14],"tags":[],"class_list":["post-3580","post","type-post","status-publish","format-standard","has-post-thumbnail","hentry","category-gadgets"],"_links":{"self":[{"href":"https:\/\/mundodocarnaval.com.br\/pt_br\/wp-json\/wp\/v2\/posts\/3580","targetHints":{"allow":["GET"]}}],"collection":[{"href":"https:\/\/mundodocarnaval.com.br\/pt_br\/wp-json\/wp\/v2\/posts"}],"about":[{"href":"https:\/\/mundodocarnaval.com.br\/pt_br\/wp-json\/wp\/v2\/types\/post"}],"author":[{"embeddable":true,"href":"https:\/\/mundodocarnaval.com.br\/pt_br\/wp-json\/wp\/v2\/users\/1"}],"replies":[{"embeddable":true,"href":"https:\/\/mundodocarnaval.com.br\/pt_br\/wp-json\/wp\/v2\/comments?post=3580"}],"version-history":[{"count":1,"href":"https:\/\/mundodocarnaval.com.br\/pt_br\/wp-json\/wp\/v2\/posts\/3580\/revisions"}],"predecessor-version":[{"id":3582,"href":"https:\/\/mundodocarnaval.com.br\/pt_br\/wp-json\/wp\/v2\/posts\/3580\/revisions\/3582"}],"wp:featuredmedia":[{"embeddable":true,"href":"https:\/\/mundodocarnaval.com.br\/pt_br\/wp-json\/wp\/v2\/media\/3581"}],"wp:attachment":[{"href":"https:\/\/mundodocarnaval.com.br\/pt_br\/wp-json\/wp\/v2\/media?parent=3580"}],"wp:term":[{"taxonomy":"category","embeddable":true,"href":"https:\/\/mundodocarnaval.com.br\/pt_br\/wp-json\/wp\/v2\/categories?post=3580"},{"taxonomy":"post_tag","embeddable":true,"href":"https:\/\/mundodocarnaval.com.br\/pt_br\/wp-json\/wp\/v2\/tags?post=3580"}],"curies":[{"name":"wp","href":"https:\/\/api.w.org\/{rel}","templated":true}]}}