{"id":3583,"date":"2025-09-03T18:23:18","date_gmt":"2025-09-03T21:23:18","guid":{"rendered":"https:\/\/mundodocarnaval.com.br\/?p=3583"},"modified":"2025-09-03T18:23:19","modified_gmt":"2025-09-03T21:23:19","slug":"inauguracao-do-novo-espaco-cultural-paulao-7-cordas","status":"publish","type":"post","link":"https:\/\/mundodocarnaval.com.br\/pt_br\/inauguracao-do-novo-espaco-cultural-paulao-7-cordas\/","title":{"rendered":"inaugura\u00e7\u00e3o do novo Espa\u00e7o Cultural Paul\u00e3o 7 Cordas"},"content":{"rendered":"<p>Neste s\u00e1bado (6), tem a inaugura\u00e7\u00e3o do novo Espa\u00e7o Cultural Paul\u00e3o 7 Cordas na Rua do Lavradio.<\/p>\n<p>Evento ter\u00e1 a Roda de Samba, Livre, leve e Solto, comandada pelo anfitri\u00e3o Paul\u00e3o 7 Cordas.<\/p>\n<p>Neste s\u00e1bado, dia 6 de setembro, v\u00e9spera de feriado, a partir das 18h, acontece a inaugura\u00e7\u00e3o do novo Espa\u00e7o Cultural Paul\u00e3o 7 Cordas. O local fica na Rua do Lavradio , 11,esquina com a Rua Visconde do Rio Branco, Centro do Rio.<\/p>\n<p>O evento ter\u00e1 a Roda de Samba, Livre, leve e Solto, comandada pelo anfitri\u00e3o Paul\u00e3o 7 Cordas, com aquele clima de muito samba, alegria, sorrisos e palma da m\u00e3o.<\/p>\n<p>Os ingressos j\u00e1 est\u00e3o \u00e0 venda com pre\u00e7o promocional de R$30,00 Mais informa\u00e7\u00f5es pelo telefone: 21 97924-1699( Henrique), Classifica\u00e7\u00e3o: 18 anos.<\/p>\n<p>Sobre Paul\u00e3o 7 Cordas:<br \/>\nPaulo Roberto Pereira Ara\u00fajo, artisticamente conhecido como Paul\u00e3o 7 Cordas, nasceu no dia 29 de setembro de 1958 no bairro do Jacarezinho, no Rio de Janeiro. A m\u00fasica veio com a fam\u00edlia: o samba e o choro vieram no sangue. Com mais de 40 anos de carreira, tornou-se renomado e reconhecido violonista, arranjador e diretor musical, sendo refer\u00eancia dentro do universo do samba, choro e instrumental brasileiro. Dono de curr\u00edculo vasto, assinou trabalhos ao lado de artistas como Cartola, Zeca Pagodinho, Maria Beth\u00e2nia, Z\u00e9 Keti, Monarco, Dona Ivone Lara e Wilson das Neves e ainda continua produzindo!<\/p>\n<p>Dire\u00e7\u00e3o Musical<br \/>\nShows * Zeca Pagodinho Paul\u00e3o 7 Cordas \u00e9 o respons\u00e1vel por toda dire\u00e7\u00e3o musical dos shows do sambista Zeca Pagodinho desde o final da d\u00e9cada de 1980. J\u00e1 participou de turn\u00eas pelo Brasil e todo mundo.<\/p>\n<p>A Gloriosa (2013-2025)<br \/>\nO projeto leva cultura, educa\u00e7\u00e3o e cidadania para o bairro da Gl\u00f3ria, sempre no terceiro domingo de  cada m\u00eas. Com objetivo de ocupar o espa\u00e7o p\u00fablico e promover a cultura popular, Paul\u00e3o 7 Cordas \u00e9 quem puxa a roda e coordena toda parte musical. Fun\u00e7\u00e3o exercida: Diretor musical e artista principal Local de apresenta\u00e7\u00e3o: Feira Popular da Gl\u00f3ria (RJ).<\/p>\n<p>Servi\u00e7o:<br \/>\nInaugura\u00e7\u00e3o Espa\u00e7o Paul\u00e3o 7 Cordas<br \/>\nData:S\u00e1bado,  6 de setembro de 2025.<br \/>\nHor\u00e1rio: 18h<br \/>\nAtra\u00e7\u00e3o: Roda de Samba, Livre, leve e solto, comandada pelo anfitri\u00e3o Paul\u00e3o 7 Cordas.<br \/>\nEndere\u00e7o: Rua do Lavradio, 11,esquina com a Rua Visconde do Rio Branco, Centro do Rio.<br \/>\nIngressos Promocional: R$30,00<br \/>\nMais informa\u00e7\u00f5es: 21 97924-1699(Henrique).<br \/>\n Classifica\u00e7\u00e3o: 18 anos.<\/p>\n","protected":false},"excerpt":{"rendered":"<p>Neste s\u00e1bado (6), tem a inaugura\u00e7\u00e3o do novo Espa\u00e7o Cultural Paul\u00e3o 7 Cordas na Rua do Lavradio. Evento ter\u00e1 a Roda de Samba, Livre, leve e Solto, comandada pelo anfitri\u00e3o Paul\u00e3o 7 Cordas. Neste s\u00e1bado, dia 6 de setembro, v\u00e9spera de feriado, a partir das 18h, acontece a inaugura\u00e7\u00e3o do novo Espa\u00e7o Cultural Paul\u00e3o 7 [&hellip;]<\/p>\n","protected":false},"author":1,"featured_media":3584,"comment_status":"closed","ping_status":"closed","sticky":false,"template":"","format":"standard","meta":{"footnotes":""},"categories":[11],"tags":[],"class_list":["post-3583","post","type-post","status-publish","format-standard","has-post-thumbnail","hentry","category-noticias"],"_links":{"self":[{"href":"https:\/\/mundodocarnaval.com.br\/pt_br\/wp-json\/wp\/v2\/posts\/3583","targetHints":{"allow":["GET"]}}],"collection":[{"href":"https:\/\/mundodocarnaval.com.br\/pt_br\/wp-json\/wp\/v2\/posts"}],"about":[{"href":"https:\/\/mundodocarnaval.com.br\/pt_br\/wp-json\/wp\/v2\/types\/post"}],"author":[{"embeddable":true,"href":"https:\/\/mundodocarnaval.com.br\/pt_br\/wp-json\/wp\/v2\/users\/1"}],"replies":[{"embeddable":true,"href":"https:\/\/mundodocarnaval.com.br\/pt_br\/wp-json\/wp\/v2\/comments?post=3583"}],"version-history":[{"count":1,"href":"https:\/\/mundodocarnaval.com.br\/pt_br\/wp-json\/wp\/v2\/posts\/3583\/revisions"}],"predecessor-version":[{"id":3585,"href":"https:\/\/mundodocarnaval.com.br\/pt_br\/wp-json\/wp\/v2\/posts\/3583\/revisions\/3585"}],"wp:featuredmedia":[{"embeddable":true,"href":"https:\/\/mundodocarnaval.com.br\/pt_br\/wp-json\/wp\/v2\/media\/3584"}],"wp:attachment":[{"href":"https:\/\/mundodocarnaval.com.br\/pt_br\/wp-json\/wp\/v2\/media?parent=3583"}],"wp:term":[{"taxonomy":"category","embeddable":true,"href":"https:\/\/mundodocarnaval.com.br\/pt_br\/wp-json\/wp\/v2\/categories?post=3583"},{"taxonomy":"post_tag","embeddable":true,"href":"https:\/\/mundodocarnaval.com.br\/pt_br\/wp-json\/wp\/v2\/tags?post=3583"}],"curies":[{"name":"wp","href":"https:\/\/api.w.org\/{rel}","templated":true}]}}