{"id":3586,"date":"2025-09-03T22:43:59","date_gmt":"2025-09-04T01:43:59","guid":{"rendered":"https:\/\/mundodocarnaval.com.br\/?p=3586"},"modified":"2025-09-03T22:43:59","modified_gmt":"2025-09-04T01:43:59","slug":"independentes-de-olaria-apresenta-novo-2o-casal-de-mestre-sala-e-porta-bandeira","status":"publish","type":"post","link":"https:\/\/mundodocarnaval.com.br\/pt_br\/independentes-de-olaria-apresenta-novo-2o-casal-de-mestre-sala-e-porta-bandeira\/","title":{"rendered":"Independentes de Olaria apresenta novo 2\u00ba casal de Mestre-sala e Porta-bandeira"},"content":{"rendered":"<p>Independentes de Olaria apresenta novo 2\u00ba casal de Mestre-sala e Porta-bandeira para 2026<\/p>\n<p>A Independentes de Olaria apresentou os novos defensores do segundo pavilh\u00e3o para o carnaval de 2026. Ricardinho Martins e Maitte Menezes formam o segundo casal de mestre-sala e porta-bandeira da agremia\u00e7\u00e3o para o pr\u00f3ximo desfile. J\u00e1 com experi\u00eancia na folia, a dupla chega para refor\u00e7ar a equipe do lobo da Leopoldina.<\/p>\n<p>Ricardinho tem passagens pelas escolas Engenho da Rainha, Sereno de Campo Grande, Unidos da Vila Kennedy, Le\u00e3o Nova Igua\u00e7u, Uni\u00e3o do Parque Curicica e Uni\u00e3o de Jacarepagu\u00e1. Em Vit\u00f3ria &#8211; ES passou pela escola de samba Imperatriz do Forte e em Cabo Frio pela escola Unidos dos Bairros.<\/p>\n<p>&#8211; \u00c9 uma satisfa\u00e7\u00e3o imensa fazer parte do quadro de casais de uma escola de Samba como a Independentes de Olaria em que se encontra em grande ascens\u00e3o. Tenho certeza que faremos um grande carnaval com resultados m\u00e1ximos e assim conquistaremos nosso objetivo que \u00e9 o t\u00edtulo de Campe\u00e3 do Carnaval 2026. \u2013 revela Ricardinho<\/p>\n<p>Maitte passou pelas escolas Uni\u00e3o do Parque Curicica, Dif\u00edcil \u00e9 o Nome, Favo de Acari e atualmente defende o pavilh\u00e3o da Unidos de Cosmos e ir\u00e1 ao 5\u00ba ano como 2\u00aa porta-bandeira da Alegria da Zona Norte, no carnaval de Niter\u00f3i<\/p>\n<p>&#8211; Meu amor pela olaria come\u00e7ou a alguns anos, sempre acompanhei a escola de perto, fiquei muito feliz pelo convite feito pelo nosso presidente Brenno Ara\u00fajo, sinto que estou realizando um sonho. \u00c9 uma satisfa\u00e7\u00e3o enorme conduzir o pavilh\u00e3o do Lobo de Olaria \u2013 Finaliza Maitte<\/p>\n<p>O lobo da Leopoldina ser\u00e1 a 10\u00aa a desfilar pela S\u00e9rie Prata, no domingo de carnaval, com o enredo \u201cO balan\u00e7o do cabra que embolou o som e no compasso da mistura fez um Brasil pandeiro\u201d.<\/p>\n","protected":false},"excerpt":{"rendered":"<p>Independentes de Olaria apresenta novo 2\u00ba casal de Mestre-sala e Porta-bandeira para 2026 A Independentes de Olaria apresentou os novos defensores do segundo pavilh\u00e3o para o carnaval de 2026. Ricardinho Martins e Maitte Menezes formam o segundo casal de mestre-sala e porta-bandeira da agremia\u00e7\u00e3o para o pr\u00f3ximo desfile. J\u00e1 com experi\u00eancia na folia, a dupla [&hellip;]<\/p>\n","protected":false},"author":1,"featured_media":3587,"comment_status":"closed","ping_status":"closed","sticky":false,"template":"","format":"standard","meta":{"footnotes":""},"categories":[14],"tags":[],"class_list":["post-3586","post","type-post","status-publish","format-standard","has-post-thumbnail","hentry","category-gadgets"],"_links":{"self":[{"href":"https:\/\/mundodocarnaval.com.br\/pt_br\/wp-json\/wp\/v2\/posts\/3586","targetHints":{"allow":["GET"]}}],"collection":[{"href":"https:\/\/mundodocarnaval.com.br\/pt_br\/wp-json\/wp\/v2\/posts"}],"about":[{"href":"https:\/\/mundodocarnaval.com.br\/pt_br\/wp-json\/wp\/v2\/types\/post"}],"author":[{"embeddable":true,"href":"https:\/\/mundodocarnaval.com.br\/pt_br\/wp-json\/wp\/v2\/users\/1"}],"replies":[{"embeddable":true,"href":"https:\/\/mundodocarnaval.com.br\/pt_br\/wp-json\/wp\/v2\/comments?post=3586"}],"version-history":[{"count":1,"href":"https:\/\/mundodocarnaval.com.br\/pt_br\/wp-json\/wp\/v2\/posts\/3586\/revisions"}],"predecessor-version":[{"id":3588,"href":"https:\/\/mundodocarnaval.com.br\/pt_br\/wp-json\/wp\/v2\/posts\/3586\/revisions\/3588"}],"wp:featuredmedia":[{"embeddable":true,"href":"https:\/\/mundodocarnaval.com.br\/pt_br\/wp-json\/wp\/v2\/media\/3587"}],"wp:attachment":[{"href":"https:\/\/mundodocarnaval.com.br\/pt_br\/wp-json\/wp\/v2\/media?parent=3586"}],"wp:term":[{"taxonomy":"category","embeddable":true,"href":"https:\/\/mundodocarnaval.com.br\/pt_br\/wp-json\/wp\/v2\/categories?post=3586"},{"taxonomy":"post_tag","embeddable":true,"href":"https:\/\/mundodocarnaval.com.br\/pt_br\/wp-json\/wp\/v2\/tags?post=3586"}],"curies":[{"name":"wp","href":"https:\/\/api.w.org\/{rel}","templated":true}]}}