{"id":3589,"date":"2025-09-03T22:55:02","date_gmt":"2025-09-04T01:55:02","guid":{"rendered":"https:\/\/mundodocarnaval.com.br\/?p=3589"},"modified":"2025-09-03T22:55:02","modified_gmt":"2025-09-04T01:55:02","slug":"viradouro-apresenta-nova-musa-no-sabado","status":"publish","type":"post","link":"https:\/\/mundodocarnaval.com.br\/pt_br\/viradouro-apresenta-nova-musa-no-sabado\/","title":{"rendered":"Viradouro apresenta nova musa no s\u00e1bado"},"content":{"rendered":"<p>cr\u00e9dito das fotos &#8211; divulga\u00e7\u00e3o <\/p>\n<p>A comunidade da Unidos do Viradouro vai conhecer a nova musa da escola no pr\u00f3ximo s\u00e1bado, dia 6, no evento que vai movimentar a quadra da escola a partir das 19h e com entrada gratuita. \u200e<\/p>\n<p>Natural de S\u00e3o Paulo, Madu Fraga, que vai estrear no Samb\u00f3dromo carioca em 2026 defendendo a agremia\u00e7\u00e3o de Niter\u00f3i, \u00e9 rainha de bateria do Vai-Vai. Por isso, segmentos da agremia\u00e7\u00e3o paulistana estar\u00e3o na festa com representantes de seus principais segmentos, ao som da bateria dos mestres Beto e Tadeu, embalados pela voz do int\u00e9rprete Luiz Felipe.<\/p>\n<p>Tamb\u00e9m haver\u00e1 show dos segmentos da Viradouro, com mestre Ci\u00e7a e seus ritmistas, com Wander Pires, dono da voz oficial da vermelho e branco, passistas e casais de mestre-sala e porta-bandeira. Outra atra\u00e7\u00e3o da noite ser\u00e1 mais uma etapa eliminat\u00f3ria do concurso de samba-enredo, com apresenta\u00e7\u00e3o das seis obras que ainda continuam na disputa.<\/p>\n<p>A quadra da Viradouro fica na Av. do Contorno, 16, no Barreto. A entrada \u00e9 gratuita, a mesa est\u00e1 sendo vendida a R$ 160,00 e o camarote, R$ 1.500,00. Informa\u00e7\u00f5es 21-28280658.<\/p>\n","protected":false},"excerpt":{"rendered":"<p>cr\u00e9dito das fotos &#8211; divulga\u00e7\u00e3o A comunidade da Unidos do Viradouro vai conhecer a nova musa da escola no pr\u00f3ximo s\u00e1bado, dia 6, no evento que vai movimentar a quadra da escola a partir das 19h e com entrada gratuita. \u200e Natural de S\u00e3o Paulo, Madu Fraga, que vai estrear no Samb\u00f3dromo carioca em 2026 [&hellip;]<\/p>\n","protected":false},"author":1,"featured_media":3591,"comment_status":"closed","ping_status":"closed","sticky":false,"template":"","format":"standard","meta":{"footnotes":""},"categories":[12],"tags":[],"class_list":["post-3589","post","type-post","status-publish","format-standard","has-post-thumbnail","hentry","category-grupo-especial"],"_links":{"self":[{"href":"https:\/\/mundodocarnaval.com.br\/pt_br\/wp-json\/wp\/v2\/posts\/3589","targetHints":{"allow":["GET"]}}],"collection":[{"href":"https:\/\/mundodocarnaval.com.br\/pt_br\/wp-json\/wp\/v2\/posts"}],"about":[{"href":"https:\/\/mundodocarnaval.com.br\/pt_br\/wp-json\/wp\/v2\/types\/post"}],"author":[{"embeddable":true,"href":"https:\/\/mundodocarnaval.com.br\/pt_br\/wp-json\/wp\/v2\/users\/1"}],"replies":[{"embeddable":true,"href":"https:\/\/mundodocarnaval.com.br\/pt_br\/wp-json\/wp\/v2\/comments?post=3589"}],"version-history":[{"count":1,"href":"https:\/\/mundodocarnaval.com.br\/pt_br\/wp-json\/wp\/v2\/posts\/3589\/revisions"}],"predecessor-version":[{"id":3592,"href":"https:\/\/mundodocarnaval.com.br\/pt_br\/wp-json\/wp\/v2\/posts\/3589\/revisions\/3592"}],"wp:featuredmedia":[{"embeddable":true,"href":"https:\/\/mundodocarnaval.com.br\/pt_br\/wp-json\/wp\/v2\/media\/3591"}],"wp:attachment":[{"href":"https:\/\/mundodocarnaval.com.br\/pt_br\/wp-json\/wp\/v2\/media?parent=3589"}],"wp:term":[{"taxonomy":"category","embeddable":true,"href":"https:\/\/mundodocarnaval.com.br\/pt_br\/wp-json\/wp\/v2\/categories?post=3589"},{"taxonomy":"post_tag","embeddable":true,"href":"https:\/\/mundodocarnaval.com.br\/pt_br\/wp-json\/wp\/v2\/tags?post=3589"}],"curies":[{"name":"wp","href":"https:\/\/api.w.org\/{rel}","templated":true}]}}