{"id":3593,"date":"2025-09-03T23:05:23","date_gmt":"2025-09-04T02:05:23","guid":{"rendered":"https:\/\/mundodocarnaval.com.br\/?p=3593"},"modified":"2025-09-03T23:05:23","modified_gmt":"2025-09-04T02:05:23","slug":"unidos-de-vila-isabel-abre-audicoes-para-a-comissao-de-frente","status":"publish","type":"post","link":"https:\/\/mundodocarnaval.com.br\/pt_br\/unidos-de-vila-isabel-abre-audicoes-para-a-comissao-de-frente\/","title":{"rendered":"Unidos de Vila Isabel abre audi\u00e7\u00f5es para a comiss\u00e3o de frente"},"content":{"rendered":"<p>Unidos de Vila Isabel abre audi\u00e7\u00f5es para a comiss\u00e3o de frente do Carnaval 2026<\/p>\n<p>A Unidos de Vila Isabel realizar\u00e1, na segunda-feira, 8 de setembro, as audi\u00e7\u00f5es para compor a comiss\u00e3o de frente do Carnaval 2026. O processo seletivo acontecer\u00e1 na Focus &#8211; Espa\u00e7o de Cria\u00e7\u00e3o (Pra\u00e7a Tiradentes, 87 \u2013 3\u00ba andar, Centro \u2013 RJ) e ser\u00e1 conduzido pelos core\u00f3grafos Alex Neoral e Marcio Jah\u00fa.<\/p>\n<p>As audi\u00e7\u00f5es s\u00e3o voltadas exclusivamente para homens e mulheres negros(as) com mais de 18 anos. As inscri\u00e7\u00f5es devem ser realizadas antecipadamente por meio do perfil oficial da comiss\u00e3o no Instagram: @comissaodefrente_neoral.jahu, onde o link para cadastro j\u00e1 est\u00e1 dispon\u00edvel.<\/p>\n<p>\u201cNosso objetivo \u00e9 montar uma comiss\u00e3o de frente que una talento, presen\u00e7a c\u00eanica e conex\u00e3o com a mensagem que a Vila levar\u00e1 para a Avenida. Queremos artistas que tragam verdade para a nossa hist\u00f3ria e que sejam parte viva desse enredo t\u00e3o potente\u201d, afirma o core\u00f3grafo Marcio Jah\u00fa.<\/p>\n<p>Em 2026, a Vila Isabel apresentar\u00e1 o enredo \u201cMacumbemb\u00ea, Samboremb\u00e1: Sonhei que um sambista sonhou a \u00c1frica\u201d, desenvolvido pelos carnavalescos Gabriel Haddad e Leonardo Bora, com pesquisa de Vinicius Natal. O desfile celebrar\u00e1 a arte, a ancestralidade e o samba, em di\u00e1logo com o legado de Heitor dos Prazeres, um dos grandes nomes da cultura popular brasileira.<\/p>\n<p>Servi\u00e7o<br \/>\n\u2022 Data: Segunda-feira, 8 de setembro de 2025<br \/>\n\u2022 Local: Focus &#8211; Espa\u00e7o de Cria\u00e7\u00e3o (Pra\u00e7a Tiradentes, 87 \u2013 3\u00ba andar, Centro \u2013 RJ)<br \/>\n\u2022 Requisitos: Homens e mulheres negros(as), maiores de 18 anos<br \/>\n\u2022 Inscri\u00e7\u00f5es: Exclusivamente via Instagram @comissaodefrente_neoral.jahu<\/p>\n","protected":false},"excerpt":{"rendered":"<p>Unidos de Vila Isabel abre audi\u00e7\u00f5es para a comiss\u00e3o de frente do Carnaval 2026 A Unidos de Vila Isabel realizar\u00e1, na segunda-feira, 8 de setembro, as audi\u00e7\u00f5es para compor a comiss\u00e3o de frente do Carnaval 2026. O processo seletivo acontecer\u00e1 na Focus &#8211; Espa\u00e7o de Cria\u00e7\u00e3o (Pra\u00e7a Tiradentes, 87 \u2013 3\u00ba andar, Centro \u2013 RJ) [&hellip;]<\/p>\n","protected":false},"author":1,"featured_media":3594,"comment_status":"closed","ping_status":"closed","sticky":false,"template":"","format":"standard","meta":{"footnotes":""},"categories":[12],"tags":[],"class_list":["post-3593","post","type-post","status-publish","format-standard","has-post-thumbnail","hentry","category-grupo-especial"],"_links":{"self":[{"href":"https:\/\/mundodocarnaval.com.br\/pt_br\/wp-json\/wp\/v2\/posts\/3593","targetHints":{"allow":["GET"]}}],"collection":[{"href":"https:\/\/mundodocarnaval.com.br\/pt_br\/wp-json\/wp\/v2\/posts"}],"about":[{"href":"https:\/\/mundodocarnaval.com.br\/pt_br\/wp-json\/wp\/v2\/types\/post"}],"author":[{"embeddable":true,"href":"https:\/\/mundodocarnaval.com.br\/pt_br\/wp-json\/wp\/v2\/users\/1"}],"replies":[{"embeddable":true,"href":"https:\/\/mundodocarnaval.com.br\/pt_br\/wp-json\/wp\/v2\/comments?post=3593"}],"version-history":[{"count":1,"href":"https:\/\/mundodocarnaval.com.br\/pt_br\/wp-json\/wp\/v2\/posts\/3593\/revisions"}],"predecessor-version":[{"id":3595,"href":"https:\/\/mundodocarnaval.com.br\/pt_br\/wp-json\/wp\/v2\/posts\/3593\/revisions\/3595"}],"wp:featuredmedia":[{"embeddable":true,"href":"https:\/\/mundodocarnaval.com.br\/pt_br\/wp-json\/wp\/v2\/media\/3594"}],"wp:attachment":[{"href":"https:\/\/mundodocarnaval.com.br\/pt_br\/wp-json\/wp\/v2\/media?parent=3593"}],"wp:term":[{"taxonomy":"category","embeddable":true,"href":"https:\/\/mundodocarnaval.com.br\/pt_br\/wp-json\/wp\/v2\/categories?post=3593"},{"taxonomy":"post_tag","embeddable":true,"href":"https:\/\/mundodocarnaval.com.br\/pt_br\/wp-json\/wp\/v2\/tags?post=3593"}],"curies":[{"name":"wp","href":"https:\/\/api.w.org\/{rel}","templated":true}]}}