{"id":3596,"date":"2025-09-03T23:21:09","date_gmt":"2025-09-04T02:21:09","guid":{"rendered":"https:\/\/mundodocarnaval.com.br\/?p=3596"},"modified":"2025-09-03T23:21:10","modified_gmt":"2025-09-04T02:21:10","slug":"imperio-de-nova-iguacu-tera-o-terreiro-kupapa-unsaba","status":"publish","type":"post","link":"https:\/\/mundodocarnaval.com.br\/pt_br\/imperio-de-nova-iguacu-tera-o-terreiro-kupapa-unsaba\/","title":{"rendered":"Imp\u00e9rio de Nova Igua\u00e7u ter\u00e1 o terreiro \u201cKupapa Unsaba\u201d"},"content":{"rendered":"<p>A azul e branca da baixada contar\u00e1 uma di\u00e1spora de al\u00e9m mar! Essa semente africana, que recebeu todo ax\u00e9 na Bahia e criou ra\u00edzes profunda na baixada carioca. Floresceu e refloresce atrav\u00e9s das zelosas m\u00e3os de Floripes, o cora\u00e7\u00e3o desta dinastia. Desde 1972, o terreiro est\u00e1 sob lideran\u00e7a de Mam\u2019etu Mabeji (Floripes Correia da Silva Gomes), sobrinha de Lessengue. Ela foi iniciada em 1947, liderou com requinte e continuidade da tradi\u00e7\u00e3o Congo-Angola e com seu esposo Tata Nguzu Jos\u00e9 Milagre, manteve viva essa tradi\u00e7\u00e3o at\u00e9 sua morte em 1999.<\/p>\n<p>O t\u00edtulo \u201cKupapa Unsaba \u2013 Morada Ancestral\u201d sugere uma celebra\u00e7\u00e3o das ra\u00edzes africanas, evocando ancestralidade, mem\u00f3ria e pertencimento. A palavra Kupapa Unsaba (mantida no idioma original) transmite intensidade e espiritualidade, refor\u00e7ada pelo complemento \u201cMorada Ancestral\u201d, que convida a uma viagem \u00e0s origens e \u00e0 cultura de matriz africana.<\/p>\n<p>A escola desfilar\u00e1 como 6\u00aa escola da S\u00e9rie Prata (Superliga), no domingo, 15 de fevereiro de 2026, na Estrada Intendente Magalh\u00e3es. Os interessados em adquirir a camisa do enredo podem entrar em contato atrav\u00e9s do (21) 964711035<\/p>\n","protected":false},"excerpt":{"rendered":"<p>A azul e branca da baixada contar\u00e1 uma di\u00e1spora de al\u00e9m mar! Essa semente africana, que recebeu todo ax\u00e9 na Bahia e criou ra\u00edzes profunda na baixada carioca. Floresceu e refloresce atrav\u00e9s das zelosas m\u00e3os de Floripes, o cora\u00e7\u00e3o desta dinastia. Desde 1972, o terreiro est\u00e1 sob lideran\u00e7a de Mam\u2019etu Mabeji (Floripes Correia da Silva [&hellip;]<\/p>\n","protected":false},"author":1,"featured_media":3597,"comment_status":"closed","ping_status":"closed","sticky":false,"template":"","format":"standard","meta":{"footnotes":""},"categories":[14],"tags":[],"class_list":["post-3596","post","type-post","status-publish","format-standard","has-post-thumbnail","hentry","category-gadgets"],"_links":{"self":[{"href":"https:\/\/mundodocarnaval.com.br\/pt_br\/wp-json\/wp\/v2\/posts\/3596","targetHints":{"allow":["GET"]}}],"collection":[{"href":"https:\/\/mundodocarnaval.com.br\/pt_br\/wp-json\/wp\/v2\/posts"}],"about":[{"href":"https:\/\/mundodocarnaval.com.br\/pt_br\/wp-json\/wp\/v2\/types\/post"}],"author":[{"embeddable":true,"href":"https:\/\/mundodocarnaval.com.br\/pt_br\/wp-json\/wp\/v2\/users\/1"}],"replies":[{"embeddable":true,"href":"https:\/\/mundodocarnaval.com.br\/pt_br\/wp-json\/wp\/v2\/comments?post=3596"}],"version-history":[{"count":1,"href":"https:\/\/mundodocarnaval.com.br\/pt_br\/wp-json\/wp\/v2\/posts\/3596\/revisions"}],"predecessor-version":[{"id":3598,"href":"https:\/\/mundodocarnaval.com.br\/pt_br\/wp-json\/wp\/v2\/posts\/3596\/revisions\/3598"}],"wp:featuredmedia":[{"embeddable":true,"href":"https:\/\/mundodocarnaval.com.br\/pt_br\/wp-json\/wp\/v2\/media\/3597"}],"wp:attachment":[{"href":"https:\/\/mundodocarnaval.com.br\/pt_br\/wp-json\/wp\/v2\/media?parent=3596"}],"wp:term":[{"taxonomy":"category","embeddable":true,"href":"https:\/\/mundodocarnaval.com.br\/pt_br\/wp-json\/wp\/v2\/categories?post=3596"},{"taxonomy":"post_tag","embeddable":true,"href":"https:\/\/mundodocarnaval.com.br\/pt_br\/wp-json\/wp\/v2\/tags?post=3596"}],"curies":[{"name":"wp","href":"https:\/\/api.w.org\/{rel}","templated":true}]}}