{"id":3599,"date":"2025-09-08T17:49:28","date_gmt":"2025-09-08T20:49:28","guid":{"rendered":"https:\/\/mundodocarnaval.com.br\/?p=3599"},"modified":"2025-09-08T17:49:29","modified_gmt":"2025-09-08T20:49:29","slug":"unidos-da-tijuca-define-sambas-finalistas","status":"publish","type":"post","link":"https:\/\/mundodocarnaval.com.br\/pt_br\/unidos-da-tijuca-define-sambas-finalistas\/","title":{"rendered":"Unidos da Tijuca define sambas finalistas"},"content":{"rendered":"<p>Unidos da Tijuca define sambas finalistas<br \/>\nParcerias de Lico Monteiro, Gabriel Machado e Arlindinho est\u00e3o na grande final<\/p>\n<p>Ap\u00f3s quatro eliminat\u00f3rias, a Unidos da Tijuca definiu os sambas finalistas para o Carnaval 2026 nesta sexta-feira, 05 de setembro. Das sete obras inscritas, tr\u00eas parcerias foram selecionadas para a grande final, que acontecer\u00e1 dia 13 de setembro. No pr\u00f3ximo carnaval, a amarelo ouro e azul pav\u00e3o do Morro do Borel levar\u00e1 para a Sapuca\u00ed na segunda-feira de carnaval o enredo sobre a escritora \u201cCarolina Maria de Jesus\u201d desenvolvido pelo carnavalesco Edson Pereira.<\/p>\n<p>Confira as parcerias finalistas:  <\/p>\n<p>Samba Concorrente 7 &#8211; Compositores: Lico Monteiro, Samir Trindade, Leandro Thomaz, Marcelo Adnet, Marcelo Lepiane, Telmo Augusto, Gigi da Estiva e Juca.<\/p>\n<p>Samba Concorrente  8 &#8211; Compositores: Gabriel Machado, Julio Pag\u00e9, Robson Bastos, Miguel Dibo, Serginho Motta, Orlando Ambr\u00f3sio, Jeferson Oliveira e Lucas Macedo<\/p>\n<p>Samba Concorrente 16 \u2013 Compositores: Arlindinho, Babi Cruz, Diego Nicolau, Adolfo Konder, Felipe Petrini, Luiz Pavarotti, Michel Portugal e Fred Camacho<\/p>\n<p>Coroa\u00e7\u00e3o<\/p>\n<p>Al\u00e9m de definir o hino que desfilar\u00e1 no pr\u00f3ximo carnaval, a Unidos da Tijuca tamb\u00e9m prepara grande festa de coroa\u00e7\u00e3o da nova beldade que reinar\u00e1 \u00e0 frente dos ritmistas da bateria Pura Cad\u00eancia de mestre Casagrande. A maranhense, influenciadora e empres\u00e1ria Mileide Mihaile receber\u00e1 coroa e faixa de rainha de bateria durante o evento. A presen\u00e7a de rainhas e musas das agremia\u00e7\u00f5es coirm\u00e3s \u00e9 aguardada.<\/p>\n<p>Os ingressos para a grande noite poder\u00e3o ser adquiridos antecipadamente atrav\u00e9s do Sympla ou no televendas 21 96451-5719. A pista custa R$ 40,00 (antecipado. A Unidos da Tijuca pensou no torcedor de fora do Rio de Janeiro e naqueles que n\u00e3o poder\u00e3o comparecer. A festa ser\u00e1 transmitida ao vivo pelo canal da escola no Youtube. O endere\u00e7o \u00e9 https:\/\/www.youtube.com\/@GRESUTijuca<\/p>\n<p>A quadra da escola fica situada \u00e0 Avenida Francisco Bicalho n\u00ba 47 \u2013 Santo Cristo. H\u00e1 estacionamento amplo no local.<\/p>\n<p>Servi\u00e7o:  <\/p>\n<p>Final de Samba-Enredo e Coroa\u00e7\u00e3o da Rainha de Bateria &#8211; Carnaval 2026  <\/p>\n<p>Data: 13\/09\/2025<\/p>\n<p>Hor\u00e1rio: A partir das 22h<\/p>\n<p>Entrada: A partir de R$ 40,00 (1\u00ba lote)<\/p>\n<p>Mesa para 4 pessoas &#8211; R$ 400,00 (com ingressos inclusos)<\/p>\n<p>Camarote Inferior para 10 pessoas &#8211; R$ 1.00,000<\/p>\n<p>Camarote Superior para 10 pessoas  &#8211; R$ 1.500,00<\/p>\n<p>Vendas On-line: https:\/\/www.sympla.com.br\/evento\/gres-unidos-da-tijuca-grande-final-de-samba-enredo\/3097337<\/p>\n<p>Reserva de Mesas e Camarotes\u2013 21 96451-5719<\/p>\n<p>Local: Avenida Francisco Bicalho n\u00ba 47 \u2013 Santo Cristo  <\/p>\n<p>Classifica\u00e7\u00e3o Livre  <\/p>\n<p>Fotos: Alex Maia<\/p>\n","protected":false},"excerpt":{"rendered":"<p>Unidos da Tijuca define sambas finalistas Parcerias de Lico Monteiro, Gabriel Machado e Arlindinho est\u00e3o na grande final Ap\u00f3s quatro eliminat\u00f3rias, a Unidos da Tijuca definiu os sambas finalistas para o Carnaval 2026 nesta sexta-feira, 05 de setembro. Das sete obras inscritas, tr\u00eas parcerias foram selecionadas para a grande final, que acontecer\u00e1 dia 13 de [&hellip;]<\/p>\n","protected":false},"author":1,"featured_media":3600,"comment_status":"closed","ping_status":"closed","sticky":false,"template":"","format":"standard","meta":{"footnotes":""},"categories":[12],"tags":[],"class_list":["post-3599","post","type-post","status-publish","format-standard","has-post-thumbnail","hentry","category-grupo-especial"],"_links":{"self":[{"href":"https:\/\/mundodocarnaval.com.br\/pt_br\/wp-json\/wp\/v2\/posts\/3599","targetHints":{"allow":["GET"]}}],"collection":[{"href":"https:\/\/mundodocarnaval.com.br\/pt_br\/wp-json\/wp\/v2\/posts"}],"about":[{"href":"https:\/\/mundodocarnaval.com.br\/pt_br\/wp-json\/wp\/v2\/types\/post"}],"author":[{"embeddable":true,"href":"https:\/\/mundodocarnaval.com.br\/pt_br\/wp-json\/wp\/v2\/users\/1"}],"replies":[{"embeddable":true,"href":"https:\/\/mundodocarnaval.com.br\/pt_br\/wp-json\/wp\/v2\/comments?post=3599"}],"version-history":[{"count":1,"href":"https:\/\/mundodocarnaval.com.br\/pt_br\/wp-json\/wp\/v2\/posts\/3599\/revisions"}],"predecessor-version":[{"id":3601,"href":"https:\/\/mundodocarnaval.com.br\/pt_br\/wp-json\/wp\/v2\/posts\/3599\/revisions\/3601"}],"wp:featuredmedia":[{"embeddable":true,"href":"https:\/\/mundodocarnaval.com.br\/pt_br\/wp-json\/wp\/v2\/media\/3600"}],"wp:attachment":[{"href":"https:\/\/mundodocarnaval.com.br\/pt_br\/wp-json\/wp\/v2\/media?parent=3599"}],"wp:term":[{"taxonomy":"category","embeddable":true,"href":"https:\/\/mundodocarnaval.com.br\/pt_br\/wp-json\/wp\/v2\/categories?post=3599"},{"taxonomy":"post_tag","embeddable":true,"href":"https:\/\/mundodocarnaval.com.br\/pt_br\/wp-json\/wp\/v2\/tags?post=3599"}],"curies":[{"name":"wp","href":"https:\/\/api.w.org\/{rel}","templated":true}]}}