{"id":3602,"date":"2025-09-08T17:57:45","date_gmt":"2025-09-08T20:57:45","guid":{"rendered":"https:\/\/mundodocarnaval.com.br\/?p=3602"},"modified":"2025-09-08T17:59:26","modified_gmt":"2025-09-08T20:59:26","slug":"vila-isabel-reafirma-suas-raizes-e-reune-5-mil-pessoas","status":"publish","type":"post","link":"https:\/\/mundodocarnaval.com.br\/pt_br\/vila-isabel-reafirma-suas-raizes-e-reune-5-mil-pessoas\/","title":{"rendered":"Vila Isabel reafirma suas ra\u00edzes e re\u00fane 5 mil pessoas"},"content":{"rendered":"<p>Vila Isabel reafirma suas ra\u00edzes e re\u00fane 5 mil pessoas na Pedra do Sal para apresenta\u00e7\u00e3o dos sambas finalistas<\/p>\n<p>A Unidos de Vila Isabel escreveu um cap\u00edtulo hist\u00f3rico no \u00faltimo s\u00e1bado (6), ao levar seus tr\u00eas sambas finalistas para o cora\u00e7\u00e3o da Pequena \u00c1frica, na ic\u00f4nica Pedra do Sal. Cerca de 5 mil pessoas acompanharam a apresenta\u00e7\u00e3o das obras concorrentes, em uma noite que refor\u00e7ou a liga\u00e7\u00e3o da azul e branca com as origens do samba.<\/p>\n<p>As tr\u00eas parcerias finalistas s\u00e3o lideradas por PC Feital, Moacyr Luz e Andr\u00e9 Diniz. O evento contou tamb\u00e9m com a tradicional roda de samba da Vila, transformando a Pedra em um grande terreiro de celebra\u00e7\u00e3o popular.<\/p>\n<p>\u201cVer a Pedra do Sal t\u00e3o cheia, com essa energia contagiante que pulsa em cada um de n\u00f3s, \u00e9 o reflexo do amor que temos pelo Carnaval e pela ancestralidade que habita este ch\u00e3o. A Vila Isabel \u00e9 raiz e futuro, e a Pedra do Sal \u00e9 o ber\u00e7o dessa hist\u00f3ria\u201d, afirmou Luiz Guimar\u00e3es, presidente da escola.<\/p>\n<p>A grande final da disputa de samba-enredo da Unidos de Vila Isabel ser\u00e1 realizada na pr\u00f3xima sexta-feira (12), a partir das 22h, na quadra da escola (Avenida Boulevard 28 de Setembro, 382). Na ocasi\u00e3o, os tr\u00eas sambas retornam ao palco para a escolha do hino oficial que embalar\u00e1 a azul e branca no Carnaval 2026.<\/p>\n<p>No pr\u00f3ximo ano, a Vila Isabel levar\u00e1 para a Marqu\u00eas de Sapuca\u00ed o enredo \u201cMacumbemb\u00ea, Samboremb\u00e1: Sonhei que um sambista sonhou a \u00c1frica\u201d, desenvolvido pelos carnavalescos Gabriel Haddad e Leonardo Bora, com pesquisa de Vinicius Natal. O tema presta homenagem \u00e0 arte, \u00e0 ancestralidade e ao samba, celebrando a mem\u00f3ria de Heitor dos Prazeres, um dos grandes \u00edcones da cultura popular brasileira.<\/p>\n<p>Cr\u00e9dito:Diego Mendes*<\/p>\n","protected":false},"excerpt":{"rendered":"<p>Vila Isabel reafirma suas ra\u00edzes e re\u00fane 5 mil pessoas na Pedra do Sal para apresenta\u00e7\u00e3o dos sambas finalistas A Unidos de Vila Isabel escreveu um cap\u00edtulo hist\u00f3rico no \u00faltimo s\u00e1bado (6), ao levar seus tr\u00eas sambas finalistas para o cora\u00e7\u00e3o da Pequena \u00c1frica, na ic\u00f4nica Pedra do Sal. Cerca de 5 mil pessoas acompanharam [&hellip;]<\/p>\n","protected":false},"author":1,"featured_media":3606,"comment_status":"closed","ping_status":"closed","sticky":false,"template":"","format":"standard","meta":{"footnotes":""},"categories":[12],"tags":[],"class_list":["post-3602","post","type-post","status-publish","format-standard","has-post-thumbnail","hentry","category-grupo-especial"],"_links":{"self":[{"href":"https:\/\/mundodocarnaval.com.br\/pt_br\/wp-json\/wp\/v2\/posts\/3602","targetHints":{"allow":["GET"]}}],"collection":[{"href":"https:\/\/mundodocarnaval.com.br\/pt_br\/wp-json\/wp\/v2\/posts"}],"about":[{"href":"https:\/\/mundodocarnaval.com.br\/pt_br\/wp-json\/wp\/v2\/types\/post"}],"author":[{"embeddable":true,"href":"https:\/\/mundodocarnaval.com.br\/pt_br\/wp-json\/wp\/v2\/users\/1"}],"replies":[{"embeddable":true,"href":"https:\/\/mundodocarnaval.com.br\/pt_br\/wp-json\/wp\/v2\/comments?post=3602"}],"version-history":[{"count":1,"href":"https:\/\/mundodocarnaval.com.br\/pt_br\/wp-json\/wp\/v2\/posts\/3602\/revisions"}],"predecessor-version":[{"id":3604,"href":"https:\/\/mundodocarnaval.com.br\/pt_br\/wp-json\/wp\/v2\/posts\/3602\/revisions\/3604"}],"wp:featuredmedia":[{"embeddable":true,"href":"https:\/\/mundodocarnaval.com.br\/pt_br\/wp-json\/wp\/v2\/media\/3606"}],"wp:attachment":[{"href":"https:\/\/mundodocarnaval.com.br\/pt_br\/wp-json\/wp\/v2\/media?parent=3602"}],"wp:term":[{"taxonomy":"category","embeddable":true,"href":"https:\/\/mundodocarnaval.com.br\/pt_br\/wp-json\/wp\/v2\/categories?post=3602"},{"taxonomy":"post_tag","embeddable":true,"href":"https:\/\/mundodocarnaval.com.br\/pt_br\/wp-json\/wp\/v2\/tags?post=3602"}],"curies":[{"name":"wp","href":"https:\/\/api.w.org\/{rel}","templated":true}]}}