{"id":3607,"date":"2025-09-08T18:04:54","date_gmt":"2025-09-08T21:04:54","guid":{"rendered":"https:\/\/mundodocarnaval.com.br\/?p=3607"},"modified":"2025-09-08T18:04:54","modified_gmt":"2025-09-08T21:04:54","slug":"carnavalescos-da-unidos-de-vila-isabel-recebem-o-premio-pipa-2025","status":"publish","type":"post","link":"https:\/\/mundodocarnaval.com.br\/pt_br\/carnavalescos-da-unidos-de-vila-isabel-recebem-o-premio-pipa-2025\/","title":{"rendered":"Carnavalescos da Unidos de Vila Isabel recebem o Pr\u00eamio PIPA 2025"},"content":{"rendered":"<p>Carnavalescos da Unidos de Vila Isabel recebem o Pr\u00eamio PIPA 2025 e apresentam instala\u00e7\u00e3o in\u00e9dita no Pa\u00e7o Imperial<\/p>\n<p>A Unidos de Vila Isabel celebra mais uma conquista de seus carnavalescos, Gabriel Haddad e Leonardo Bora, que receberam neste s\u00e1bado (6) o Pr\u00eamio PIPA 2025, um dos mais importantes da arte contempor\u00e2nea brasileira. Pela primeira vez, artistas do carnaval foram reconhecidos com essa honraria, refor\u00e7ando o valor art\u00edstico e cultural que nasce nos barrac\u00f5es da Sapuca\u00ed.<\/p>\n<p>Na ocasi\u00e3o, a dupla apresentou a instala\u00e7\u00e3o in\u00e9dita \u201cRebordar\u201d, na exposi\u00e7\u00e3o que re\u00fane os vencedores da 16\u00aa edi\u00e7\u00e3o do pr\u00eamio, no Pa\u00e7o Imperial, no Rio de Janeiro. O trabalho dialoga diretamente com as mem\u00f3rias do carnaval e carrega elementos do universo criativo que Haddad e Bora v\u00eam desenvolvendo, incluindo refer\u00eancias ao pr\u00f3ximo desfile da Vila Isabel, que levar\u00e1 para a Avenida, em 2026, o enredo \u201cMacumbemb\u00ea, Samboremb\u00e1: Sonhei que um Sambista Sonhou a \u00c1frica\u201d, uma homenagem a Heitor dos Prazeres.<\/p>\n<p>A instala\u00e7\u00e3o foi constru\u00edda com 12 quil\u00f4metros de fios, cordas, cabos de luz e diversos materiais t\u00edpicos dos ateli\u00eas carnavalescos, al\u00e9m de desenhos originais de fantasias e carros aleg\u00f3ricos de desfiles marcantes da dupla.<\/p>\n<p>\u201cEste reconhecimento mostra que o carnaval \u00e9 uma pot\u00eancia art\u00edstica que dialoga com diferentes linguagens e espa\u00e7os\u201d, celebram os carnavalescos, que hoje est\u00e3o totalmente dedicados ao desenvolvimento do desfile da azul e branca de Noel.<\/p>\n<p>A exposi\u00e7\u00e3o Pr\u00eamio PIPA 2025 ficar\u00e1 aberta ao p\u00fablico at\u00e9 16 de novembro, no Pa\u00e7o Imperial, com entrada gratuita.<\/p>\n","protected":false},"excerpt":{"rendered":"<p>Carnavalescos da Unidos de Vila Isabel recebem o Pr\u00eamio PIPA 2025 e apresentam instala\u00e7\u00e3o in\u00e9dita no Pa\u00e7o Imperial A Unidos de Vila Isabel celebra mais uma conquista de seus carnavalescos, Gabriel Haddad e Leonardo Bora, que receberam neste s\u00e1bado (6) o Pr\u00eamio PIPA 2025, um dos mais importantes da arte contempor\u00e2nea brasileira. Pela primeira vez, [&hellip;]<\/p>\n","protected":false},"author":1,"featured_media":3608,"comment_status":"closed","ping_status":"closed","sticky":false,"template":"","format":"standard","meta":{"footnotes":""},"categories":[11],"tags":[],"class_list":["post-3607","post","type-post","status-publish","format-standard","has-post-thumbnail","hentry","category-noticias"],"_links":{"self":[{"href":"https:\/\/mundodocarnaval.com.br\/pt_br\/wp-json\/wp\/v2\/posts\/3607","targetHints":{"allow":["GET"]}}],"collection":[{"href":"https:\/\/mundodocarnaval.com.br\/pt_br\/wp-json\/wp\/v2\/posts"}],"about":[{"href":"https:\/\/mundodocarnaval.com.br\/pt_br\/wp-json\/wp\/v2\/types\/post"}],"author":[{"embeddable":true,"href":"https:\/\/mundodocarnaval.com.br\/pt_br\/wp-json\/wp\/v2\/users\/1"}],"replies":[{"embeddable":true,"href":"https:\/\/mundodocarnaval.com.br\/pt_br\/wp-json\/wp\/v2\/comments?post=3607"}],"version-history":[{"count":1,"href":"https:\/\/mundodocarnaval.com.br\/pt_br\/wp-json\/wp\/v2\/posts\/3607\/revisions"}],"predecessor-version":[{"id":3609,"href":"https:\/\/mundodocarnaval.com.br\/pt_br\/wp-json\/wp\/v2\/posts\/3607\/revisions\/3609"}],"wp:featuredmedia":[{"embeddable":true,"href":"https:\/\/mundodocarnaval.com.br\/pt_br\/wp-json\/wp\/v2\/media\/3608"}],"wp:attachment":[{"href":"https:\/\/mundodocarnaval.com.br\/pt_br\/wp-json\/wp\/v2\/media?parent=3607"}],"wp:term":[{"taxonomy":"category","embeddable":true,"href":"https:\/\/mundodocarnaval.com.br\/pt_br\/wp-json\/wp\/v2\/categories?post=3607"},{"taxonomy":"post_tag","embeddable":true,"href":"https:\/\/mundodocarnaval.com.br\/pt_br\/wp-json\/wp\/v2\/tags?post=3607"}],"curies":[{"name":"wp","href":"https:\/\/api.w.org\/{rel}","templated":true}]}}