{"id":3614,"date":"2025-09-27T15:14:04","date_gmt":"2025-09-27T18:14:04","guid":{"rendered":"https:\/\/mundodocarnaval.com.br\/?p=3614"},"modified":"2025-09-27T15:14:04","modified_gmt":"2025-09-27T18:14:04","slug":"vanessa-rangeli-e-coroada-rainha-de-bateria","status":"publish","type":"post","link":"https:\/\/mundodocarnaval.com.br\/pt_br\/vanessa-rangeli-e-coroada-rainha-de-bateria\/","title":{"rendered":"Vanessa Rangeli \u00e9 coroada rainha de bateria"},"content":{"rendered":"<p>Vanessa Rangeli \u00e9 coroada rainha de bateria da Acad\u00eamicos de Niter\u00f3i em noite de emo\u00e7\u00e3o e grande festa<\/p>\n<p>Dando in\u00edcio oficialmente ao seu reinado, Vanessa Rangeli foi coroada como nova rainha de bateria da escola, neste domingo, 21.  Ela ter\u00e1 a miss\u00e3o de reinar \u00e0 frente da Cad\u00eancia de Niter\u00f3i, comandada pelo mestre Branco Ribeiro, em sua estreia no posto na escola que abrir\u00e1 os desfiles do Grupo Especial no carnaval de 2026.<\/p>\n<p>O evento reuniu convidados ilustres, amigos e familiares no camarote da rainha, que n\u00e3o conteve a emo\u00e7\u00e3o ao receber a coroa. Vanessa foi coroada pelo apresentador David Brazil seu amigo pessoal, que abrilhantou ainda mais a celebra\u00e7\u00e3o. Na ocasi\u00e3o, recebeu a faixa das m\u00e3os da primeira-dama da escola, Amanda Palhares, e flores da filha, Sarah, gesto que simbolizou a for\u00e7a dos la\u00e7os familiares em um dos momentos mais marcantes da noite.<\/p>\n<p>Para o grande dia, Vanessa apostou em dois figurinos assinados pelo estilista Felipe Rangel. Em discurso emocionado, Vanessa fez quest\u00e3o de exaltar a import\u00e2ncia do protagonismo feminino e de dedicar sua conquista \u00e0s mulheres que, muitas vezes, s\u00e3o silenciadas pela sociedade:<\/p>\n<p>\u201cVivi um dia memor\u00e1vel e hist\u00f3rico. Ser coroada rainha de bateria da Acad\u00eamicos de Niter\u00f3i \u00e9 carregar uma coroa que n\u00e3o \u00e9 s\u00f3 minha, s\u00e3o de todas as mulheres que s\u00e3o deixadas de lado, que a sociedade tenta apag\u00e1-las. Viver esse dia junto aos meus familiares e amigos foi emocionante demais, \u00e9 uma trajet\u00f3ria que est\u00e1 apenas come\u00e7ando e que seja de muitos e muitos anos\u201d, declarou.<\/p>\n<p>Fotos: S1 Fotografia \/ Divulga\u00e7\u00e3o Gardel Assessoria<\/p>\n","protected":false},"excerpt":{"rendered":"<p>Vanessa Rangeli \u00e9 coroada rainha de bateria da Acad\u00eamicos de Niter\u00f3i em noite de emo\u00e7\u00e3o e grande festa Dando in\u00edcio oficialmente ao seu reinado, Vanessa Rangeli foi coroada como nova rainha de bateria da escola, neste domingo, 21. Ela ter\u00e1 a miss\u00e3o de reinar \u00e0 frente da Cad\u00eancia de Niter\u00f3i, comandada pelo mestre Branco Ribeiro, [&hellip;]<\/p>\n","protected":false},"author":1,"featured_media":3615,"comment_status":"closed","ping_status":"closed","sticky":false,"template":"","format":"standard","meta":{"footnotes":""},"categories":[12],"tags":[],"class_list":["post-3614","post","type-post","status-publish","format-standard","has-post-thumbnail","hentry","category-grupo-especial"],"_links":{"self":[{"href":"https:\/\/mundodocarnaval.com.br\/pt_br\/wp-json\/wp\/v2\/posts\/3614","targetHints":{"allow":["GET"]}}],"collection":[{"href":"https:\/\/mundodocarnaval.com.br\/pt_br\/wp-json\/wp\/v2\/posts"}],"about":[{"href":"https:\/\/mundodocarnaval.com.br\/pt_br\/wp-json\/wp\/v2\/types\/post"}],"author":[{"embeddable":true,"href":"https:\/\/mundodocarnaval.com.br\/pt_br\/wp-json\/wp\/v2\/users\/1"}],"replies":[{"embeddable":true,"href":"https:\/\/mundodocarnaval.com.br\/pt_br\/wp-json\/wp\/v2\/comments?post=3614"}],"version-history":[{"count":1,"href":"https:\/\/mundodocarnaval.com.br\/pt_br\/wp-json\/wp\/v2\/posts\/3614\/revisions"}],"predecessor-version":[{"id":3616,"href":"https:\/\/mundodocarnaval.com.br\/pt_br\/wp-json\/wp\/v2\/posts\/3614\/revisions\/3616"}],"wp:featuredmedia":[{"embeddable":true,"href":"https:\/\/mundodocarnaval.com.br\/pt_br\/wp-json\/wp\/v2\/media\/3615"}],"wp:attachment":[{"href":"https:\/\/mundodocarnaval.com.br\/pt_br\/wp-json\/wp\/v2\/media?parent=3614"}],"wp:term":[{"taxonomy":"category","embeddable":true,"href":"https:\/\/mundodocarnaval.com.br\/pt_br\/wp-json\/wp\/v2\/categories?post=3614"},{"taxonomy":"post_tag","embeddable":true,"href":"https:\/\/mundodocarnaval.com.br\/pt_br\/wp-json\/wp\/v2\/tags?post=3614"}],"curies":[{"name":"wp","href":"https:\/\/api.w.org\/{rel}","templated":true}]}}