{"id":3617,"date":"2025-09-27T16:42:47","date_gmt":"2025-09-27T19:42:47","guid":{"rendered":"https:\/\/mundodocarnaval.com.br\/?p=3617"},"modified":"2025-09-27T16:42:47","modified_gmt":"2025-09-27T19:42:47","slug":"salgueiro-define-sambas-finalistas","status":"publish","type":"post","link":"https:\/\/mundodocarnaval.com.br\/pt_br\/salgueiro-define-sambas-finalistas\/","title":{"rendered":"SALGUEIRO DEFINE SAMBAS FINALISTAS"},"content":{"rendered":"<p>Salgueiro define sambas finalistas para grande final<\/p>\n<p>As parcerias finalistas ir\u00e3o se apresentar em um grande show da escola no s\u00e1bado (27)<\/p>\n<p>O pr\u00f3ximo s\u00e1bado, 27 de setembro, promete ser hist\u00f3rico para o G.R.E.S. Acad\u00eamicos do Salgueiro. A escola vermelha e branca do Andara\u00ed realiza a grande final de samba-enredo que definir\u00e1 o hino oficial para o Carnaval 2026. <\/p>\n<p>Ap\u00f3s uma disputa intensa, tr\u00eas parcerias chegaram \u00e0 final\u00edssima:<\/p>\n<p>Samba 8 \u2013 Marcelo Motta, Dudu Nobre e parceiros<\/p>\n<p>Samba 11 \u2013 Rafa Hecht, Samir Trindade e parceiros<\/p>\n<p>Samba 15 \u2013 Marcelo Adnet e parceiros<\/p>\n<p>Em uma noite intitulada \u2018Um Samba para Rosa &#8211; A Final Vermelha e Branca\u2019, o show ser\u00e1 dividido em dois atos. O primeiro, coreografado por Paulo Pinna, ser\u00e1 dedicado \u00e0 homenagem a Rosa Magalh\u00e3es, exaltando a trajet\u00f3ria da artista. J\u00e1 o segundo ato, coreografado por Carlinhos Salgueiro, contar\u00e1 com a presen\u00e7a do elenco show da Academia do Samba, relembrando os sambas cl\u00e1ssicos que marcaram a hist\u00f3ria do Torr\u00e3o Amado. Logo em seguida as obras finalistas sobem ao palco para uma \u00faltima apresenta\u00e7\u00e3o em uma noite que promete ser inesquec\u00edvel. <\/p>\n<p>Para o presidente Andre Vaz a final de samba \u00e9 uma das datas mais importantes do carnaval e a expectativa da noite est\u00e1 alta. &#8220;Ser\u00e1 um espet\u00e1culo de muita emo\u00e7\u00e3o, arte e samba. Estamos preparando uma festa linda. A escolha do samba \u00e9 sempre um momento marcante para a nossa comunidade, e temos certeza de que o Salgueiro sair\u00e1 ainda mais forte para o Carnaval de 2026&#8221;.<\/p>\n<p>O Salgueiro levar\u00e1 em 2026 para a avenida o enredo \u201cA delirante jornada carnavalesca da professora que n\u00e3o tinha medo de bruxa, de bacalhau e nem do pirata da perna-de-pau\u201d, uma homenagem \u00e0 eterna carnavalesca Rosa Magalh\u00e3es, a maior campe\u00e3 da Sapuca\u00ed.<\/p>\n<p>Assinado por Jorge Silveira, em parceria com o curador Leonardo Antan, o enredo prop\u00f5e um cortejo l\u00fadico inspirado no universo criativo de Rosa, com passagens por bibliotecas encantadas, reinos imagin\u00e1rios e personagens dos contos de fadas, da mitologia e do folclore brasileiro. O Salgueiro encerrar\u00e1 os desfiles do Grupo Especial na ter\u00e7a-feira de Carnaval, dia 17 de fevereiro de 2026, fechando com chave de ouro a \u00faltima noite de folia na Marqu\u00eas de Sapuca\u00ed.<\/p>\n<p>Para quem n\u00e3o puder estar na quadra neste s\u00e1bado, o show contar\u00e1 com transmiss\u00e3o ao vivo pelo canal Salgueiro TV no YouTube, a partir das 23h. <\/p>\n<p>FOTOS: YGOR GUSM\u00c3O<\/p>\n<p>SERVI\u00c7O<\/p>\n<p>Final de Samba-Enredo 2026<\/p>\n<p>Data: S\u00e1bado, 27 de setembro<\/p>\n<p>Abertura da quadra: 20h30 <\/p>\n<p>Transmiss\u00e3o: 23h no YouTube (Salgueiro TV)<\/p>\n<p>Endere\u00e7o: Rua Silva Teles, 104 \u2013 Andara\u00ed, Rio de Janeiro<\/p>\n<p>Vendas Online: Guiche Web<\/p>\n","protected":false},"excerpt":{"rendered":"<p>Salgueiro define sambas finalistas para grande final As parcerias finalistas ir\u00e3o se apresentar em um grande show da escola no s\u00e1bado (27) O pr\u00f3ximo s\u00e1bado, 27 de setembro, promete ser hist\u00f3rico para o G.R.E.S. Acad\u00eamicos do Salgueiro. A escola vermelha e branca do Andara\u00ed realiza a grande final de samba-enredo que definir\u00e1 o hino oficial [&hellip;]<\/p>\n","protected":false},"author":1,"featured_media":3618,"comment_status":"closed","ping_status":"closed","sticky":false,"template":"","format":"standard","meta":{"footnotes":""},"categories":[12],"tags":[],"class_list":["post-3617","post","type-post","status-publish","format-standard","has-post-thumbnail","hentry","category-grupo-especial"],"_links":{"self":[{"href":"https:\/\/mundodocarnaval.com.br\/pt_br\/wp-json\/wp\/v2\/posts\/3617","targetHints":{"allow":["GET"]}}],"collection":[{"href":"https:\/\/mundodocarnaval.com.br\/pt_br\/wp-json\/wp\/v2\/posts"}],"about":[{"href":"https:\/\/mundodocarnaval.com.br\/pt_br\/wp-json\/wp\/v2\/types\/post"}],"author":[{"embeddable":true,"href":"https:\/\/mundodocarnaval.com.br\/pt_br\/wp-json\/wp\/v2\/users\/1"}],"replies":[{"embeddable":true,"href":"https:\/\/mundodocarnaval.com.br\/pt_br\/wp-json\/wp\/v2\/comments?post=3617"}],"version-history":[{"count":1,"href":"https:\/\/mundodocarnaval.com.br\/pt_br\/wp-json\/wp\/v2\/posts\/3617\/revisions"}],"predecessor-version":[{"id":3619,"href":"https:\/\/mundodocarnaval.com.br\/pt_br\/wp-json\/wp\/v2\/posts\/3617\/revisions\/3619"}],"wp:featuredmedia":[{"embeddable":true,"href":"https:\/\/mundodocarnaval.com.br\/pt_br\/wp-json\/wp\/v2\/media\/3618"}],"wp:attachment":[{"href":"https:\/\/mundodocarnaval.com.br\/pt_br\/wp-json\/wp\/v2\/media?parent=3617"}],"wp:term":[{"taxonomy":"category","embeddable":true,"href":"https:\/\/mundodocarnaval.com.br\/pt_br\/wp-json\/wp\/v2\/categories?post=3617"},{"taxonomy":"post_tag","embeddable":true,"href":"https:\/\/mundodocarnaval.com.br\/pt_br\/wp-json\/wp\/v2\/tags?post=3617"}],"curies":[{"name":"wp","href":"https:\/\/api.w.org\/{rel}","templated":true}]}}