{"id":3620,"date":"2025-09-27T18:19:41","date_gmt":"2025-09-27T21:19:41","guid":{"rendered":"https:\/\/mundodocarnaval.com.br\/?p=3620"},"modified":"2025-09-27T18:19:41","modified_gmt":"2025-09-27T21:19:41","slug":"liga-rj-firma-parceria-com-a-secretaria-municipal-de-trabalho-e-renda","status":"publish","type":"post","link":"https:\/\/mundodocarnaval.com.br\/pt_br\/liga-rj-firma-parceria-com-a-secretaria-municipal-de-trabalho-e-renda\/","title":{"rendered":"Liga RJ firma parceria com a Secretaria Municipal de Trabalho e Renda"},"content":{"rendered":"<p>Liga RJ firma parceria com a Secretaria Municipal de Trabalho e Renda para profissionaliza\u00e7\u00e3o dos trabalhadores da S\u00e9rie Ouro<br \/>\nIniciativa vai formalizar profissionais com MEIs e oferecer capacita\u00e7\u00e3o dentro das comunidades das escolas de samba<\/p>\n<p>A Liga RJ deu um importante passo rumo \u00e0 profissionaliza\u00e7\u00e3o dos trabalhadores da ind\u00fastria do carnaval da S\u00e9rie Ouro. Na \u00faltima segunda-feira (22), o presidente Hugo Junior se reuniu com Manoel Vieira, secret\u00e1rio municipal de Trabalho e Renda, e firmou uma parceria para implementar diversas a\u00e7\u00f5es voltadas \u00e0 formaliza\u00e7\u00e3o e capacita\u00e7\u00e3o dos profissionais que constroem o maior espet\u00e1culo da terra. O encontro aconteceu na sede da Liga RJ, no Centro do Rio, e contou tamb\u00e9m com a presen\u00e7a do diretor de marketing Altemir Lima.<\/p>\n<p>Durante a reuni\u00e3o, ficou acordado que a Secretaria Municipal de Trabalho e Renda ir\u00e1 realizar a regulariza\u00e7\u00e3o e cria\u00e7\u00e3o do Microempreendedor Individual (MEI) para os profissionais que atuam nos barrac\u00f5es e ateli\u00eas das escolas de samba da S\u00e9rie Ouro. Al\u00e9m disso, ser\u00e3o oferecidas orienta\u00e7\u00f5es sobre emiss\u00e3o de notas fiscais e processos burocr\u00e1ticos que garantam mais seguran\u00e7a jur\u00eddica e independ\u00eancia aos trabalhadores. A proposta prev\u00ea tamb\u00e9m a realiza\u00e7\u00e3o de a\u00e7\u00f5es de capacita\u00e7\u00e3o dentro das comunidades das escolas de samba, ampliando o alcance e o impacto da iniciativa.<\/p>\n<p>\u201cTivemos uma grande reuni\u00e3o e uma grande conquista. Estamos fechando uma parceria para realizar a\u00e7\u00f5es em cada escola de samba, visando formalizar todos os profissionais que est\u00e3o trabalhando para o Carnaval 2026. \u00c9 um marco importante, que trar\u00e1 mais seguran\u00e7a tanto para quem contrata quanto para quem presta o servi\u00e7o. Com toda certeza, vamos poder projetar a cultura carnavalesca com mais seguran\u00e7a e valoriza\u00e7\u00e3o para quem produz o espet\u00e1culo\u201d, afirmou o Hugo Junior, presidente da Liga RJ.<\/p>\n<p>Secret\u00e1rio municipal de Trabalho e Renda, Manoel Vieira tamb\u00e9m ressaltou a relev\u00e2ncia da parceria e destacou o papel do poder p\u00fablico neste processo. <\/p>\n<p>\u201cN\u00f3s, da Secretaria Municipal de Trabalho e Renda, agradecemos a oportunidade de contribuir com a profissionaliza\u00e7\u00e3o dos trabalhadores do carnaval. Contamos com o apoio de todas as escolas de samba para que essa a\u00e7\u00e3o tenha sucesso. Al\u00e9m da regulariza\u00e7\u00e3o, tamb\u00e9m vamos oferecer cursos de capacita\u00e7\u00e3o e certifica\u00e7\u00f5es necess\u00e1rias, garantindo que esses profissionais tenham ainda mais reconhecimento e formaliza\u00e7\u00e3o em suas atividades\u201d, destacou.<\/p>\n<p>As a\u00e7\u00f5es ter\u00e3o in\u00edcio em outubro, com a regulariza\u00e7\u00e3o e cria\u00e7\u00e3o de MEIs para os trabalhadores. Em seguida, ser\u00e3o realizadas iniciativas voltadas \u00e0s comunidades e \u00e0 certifica\u00e7\u00e3o profissional.<\/p>\n<p>Foto: Emerson Pereira<\/p>\n","protected":false},"excerpt":{"rendered":"<p>Liga RJ firma parceria com a Secretaria Municipal de Trabalho e Renda para profissionaliza\u00e7\u00e3o dos trabalhadores da S\u00e9rie Ouro Iniciativa vai formalizar profissionais com MEIs e oferecer capacita\u00e7\u00e3o dentro das comunidades das escolas de samba A Liga RJ deu um importante passo rumo \u00e0 profissionaliza\u00e7\u00e3o dos trabalhadores da ind\u00fastria do carnaval da S\u00e9rie Ouro. Na [&hellip;]<\/p>\n","protected":false},"author":1,"featured_media":3621,"comment_status":"closed","ping_status":"closed","sticky":false,"template":"","format":"standard","meta":{"footnotes":""},"categories":[13],"tags":[],"class_list":["post-3620","post","type-post","status-publish","format-standard","has-post-thumbnail","hentry","category-fashion"],"_links":{"self":[{"href":"https:\/\/mundodocarnaval.com.br\/pt_br\/wp-json\/wp\/v2\/posts\/3620","targetHints":{"allow":["GET"]}}],"collection":[{"href":"https:\/\/mundodocarnaval.com.br\/pt_br\/wp-json\/wp\/v2\/posts"}],"about":[{"href":"https:\/\/mundodocarnaval.com.br\/pt_br\/wp-json\/wp\/v2\/types\/post"}],"author":[{"embeddable":true,"href":"https:\/\/mundodocarnaval.com.br\/pt_br\/wp-json\/wp\/v2\/users\/1"}],"replies":[{"embeddable":true,"href":"https:\/\/mundodocarnaval.com.br\/pt_br\/wp-json\/wp\/v2\/comments?post=3620"}],"version-history":[{"count":1,"href":"https:\/\/mundodocarnaval.com.br\/pt_br\/wp-json\/wp\/v2\/posts\/3620\/revisions"}],"predecessor-version":[{"id":3622,"href":"https:\/\/mundodocarnaval.com.br\/pt_br\/wp-json\/wp\/v2\/posts\/3620\/revisions\/3622"}],"wp:featuredmedia":[{"embeddable":true,"href":"https:\/\/mundodocarnaval.com.br\/pt_br\/wp-json\/wp\/v2\/media\/3621"}],"wp:attachment":[{"href":"https:\/\/mundodocarnaval.com.br\/pt_br\/wp-json\/wp\/v2\/media?parent=3620"}],"wp:term":[{"taxonomy":"category","embeddable":true,"href":"https:\/\/mundodocarnaval.com.br\/pt_br\/wp-json\/wp\/v2\/categories?post=3620"},{"taxonomy":"post_tag","embeddable":true,"href":"https:\/\/mundodocarnaval.com.br\/pt_br\/wp-json\/wp\/v2\/tags?post=3620"}],"curies":[{"name":"wp","href":"https:\/\/api.w.org\/{rel}","templated":true}]}}