{"id":3623,"date":"2025-09-27T18:49:43","date_gmt":"2025-09-27T21:49:43","guid":{"rendered":"https:\/\/mundodocarnaval.com.br\/?p=3623"},"modified":"2025-09-27T18:49:43","modified_gmt":"2025-09-27T21:49:43","slug":"livia-andrade-nao-esta-confirmada-no-salgueiro","status":"publish","type":"post","link":"https:\/\/mundodocarnaval.com.br\/pt_br\/livia-andrade-nao-esta-confirmada-no-salgueiro\/","title":{"rendered":"L\u00edvia Andrade N\u00c3O est\u00e1 confirmada no Salgueiro"},"content":{"rendered":"<p>Nota de Esclarecimento<\/p>\n<p>A respeito das informa\u00e7\u00f5es recentemente divulgadas, esclarecemos que Livia Andrade n\u00e3o foi confirmada, at\u00e9 o momento, como musa do Salgueiro.<\/p>\n<p>Refor\u00e7amos, no entanto, que a agremia\u00e7\u00e3o tem grande admira\u00e7\u00e3o por Livia e ficaria honrada em receb\u00ea-la em seu desfile, caso haja interesse m\u00fatuo futuramente.<\/p>\n<p>Agradecemos a compreens\u00e3o e o carinho de todos os que acompanham o nosso trabalho.<\/p>\n<p>Acad\u00eamicos do Salgueiro<\/p>\n","protected":false},"excerpt":{"rendered":"<p>Nota de Esclarecimento A respeito das informa\u00e7\u00f5es recentemente divulgadas, esclarecemos que Livia Andrade n\u00e3o foi confirmada, at\u00e9 o momento, como musa do Salgueiro. Refor\u00e7amos, no entanto, que a agremia\u00e7\u00e3o tem grande admira\u00e7\u00e3o por Livia e ficaria honrada em receb\u00ea-la em seu desfile, caso haja interesse m\u00fatuo futuramente. Agradecemos a compreens\u00e3o e o carinho de todos [&hellip;]<\/p>\n","protected":false},"author":1,"featured_media":3624,"comment_status":"closed","ping_status":"closed","sticky":false,"template":"","format":"standard","meta":{"footnotes":""},"categories":[12],"tags":[],"class_list":["post-3623","post","type-post","status-publish","format-standard","has-post-thumbnail","hentry","category-grupo-especial"],"_links":{"self":[{"href":"https:\/\/mundodocarnaval.com.br\/pt_br\/wp-json\/wp\/v2\/posts\/3623","targetHints":{"allow":["GET"]}}],"collection":[{"href":"https:\/\/mundodocarnaval.com.br\/pt_br\/wp-json\/wp\/v2\/posts"}],"about":[{"href":"https:\/\/mundodocarnaval.com.br\/pt_br\/wp-json\/wp\/v2\/types\/post"}],"author":[{"embeddable":true,"href":"https:\/\/mundodocarnaval.com.br\/pt_br\/wp-json\/wp\/v2\/users\/1"}],"replies":[{"embeddable":true,"href":"https:\/\/mundodocarnaval.com.br\/pt_br\/wp-json\/wp\/v2\/comments?post=3623"}],"version-history":[{"count":1,"href":"https:\/\/mundodocarnaval.com.br\/pt_br\/wp-json\/wp\/v2\/posts\/3623\/revisions"}],"predecessor-version":[{"id":3625,"href":"https:\/\/mundodocarnaval.com.br\/pt_br\/wp-json\/wp\/v2\/posts\/3623\/revisions\/3625"}],"wp:featuredmedia":[{"embeddable":true,"href":"https:\/\/mundodocarnaval.com.br\/pt_br\/wp-json\/wp\/v2\/media\/3624"}],"wp:attachment":[{"href":"https:\/\/mundodocarnaval.com.br\/pt_br\/wp-json\/wp\/v2\/media?parent=3623"}],"wp:term":[{"taxonomy":"category","embeddable":true,"href":"https:\/\/mundodocarnaval.com.br\/pt_br\/wp-json\/wp\/v2\/categories?post=3623"},{"taxonomy":"post_tag","embeddable":true,"href":"https:\/\/mundodocarnaval.com.br\/pt_br\/wp-json\/wp\/v2\/tags?post=3623"}],"curies":[{"name":"wp","href":"https:\/\/api.w.org\/{rel}","templated":true}]}}