{"id":3626,"date":"2025-09-27T18:55:56","date_gmt":"2025-09-27T21:55:56","guid":{"rendered":"https:\/\/mundodocarnaval.com.br\/?p=3626"},"modified":"2025-09-27T18:56:51","modified_gmt":"2025-09-27T21:56:51","slug":"independentes-de-olaria-promove-audicao","status":"publish","type":"post","link":"https:\/\/mundodocarnaval.com.br\/pt_br\/independentes-de-olaria-promove-audicao\/","title":{"rendered":"Independentes de Olaria promove audi\u00e7\u00e3o"},"content":{"rendered":"<p>Independentes de Olaria promove audi\u00e7\u00e3o para comiss\u00e3o de frente no domingo, 28<\/p>\n<p>Rumo ao desfile do carnaval de 2026, a Independentes de Olaria promover\u00e1 a audi\u00e7\u00e3o para comiss\u00e3o de frente no pr\u00f3ximo dia 28 de setembro, \u00e0s 10h, na quadra da escola. As vagas s\u00e3o para homens e mulheres acima dos 18 anos e com no\u00e7\u00e3o de dan\u00e7a. O quesito \u00e9 sob o comando da core\u00f3grafa Ranna Jalilahs, que ir\u00e1 ao seu 7\u00ba desfile com a agremia\u00e7\u00e3o.<\/p>\n<p>A quadra da Independentes de Olaria fica na rua Alfredo Barcelos, 711 \u2013 Olaria. O lobo da Leopoldina ser\u00e1 a 10\u00aa a desfilar pela S\u00e9rie Prata, no domingo de carnaval, com o enredo \u201cO balan\u00e7o do cabra que embolou o som e no compasso da mistura fez um Brasil pandeiro\u201d.<\/p>\n","protected":false},"excerpt":{"rendered":"<p>Independentes de Olaria promove audi\u00e7\u00e3o para comiss\u00e3o de frente no domingo, 28 Rumo ao desfile do carnaval de 2026, a Independentes de Olaria promover\u00e1 a audi\u00e7\u00e3o para comiss\u00e3o de frente no pr\u00f3ximo dia 28 de setembro, \u00e0s 10h, na quadra da escola. As vagas s\u00e3o para homens e mulheres acima dos 18 anos e com [&hellip;]<\/p>\n","protected":false},"author":1,"featured_media":3630,"comment_status":"closed","ping_status":"closed","sticky":false,"template":"","format":"standard","meta":{"footnotes":""},"categories":[14],"tags":[],"class_list":["post-3626","post","type-post","status-publish","format-standard","has-post-thumbnail","hentry","category-gadgets"],"_links":{"self":[{"href":"https:\/\/mundodocarnaval.com.br\/pt_br\/wp-json\/wp\/v2\/posts\/3626","targetHints":{"allow":["GET"]}}],"collection":[{"href":"https:\/\/mundodocarnaval.com.br\/pt_br\/wp-json\/wp\/v2\/posts"}],"about":[{"href":"https:\/\/mundodocarnaval.com.br\/pt_br\/wp-json\/wp\/v2\/types\/post"}],"author":[{"embeddable":true,"href":"https:\/\/mundodocarnaval.com.br\/pt_br\/wp-json\/wp\/v2\/users\/1"}],"replies":[{"embeddable":true,"href":"https:\/\/mundodocarnaval.com.br\/pt_br\/wp-json\/wp\/v2\/comments?post=3626"}],"version-history":[{"count":1,"href":"https:\/\/mundodocarnaval.com.br\/pt_br\/wp-json\/wp\/v2\/posts\/3626\/revisions"}],"predecessor-version":[{"id":3628,"href":"https:\/\/mundodocarnaval.com.br\/pt_br\/wp-json\/wp\/v2\/posts\/3626\/revisions\/3628"}],"wp:featuredmedia":[{"embeddable":true,"href":"https:\/\/mundodocarnaval.com.br\/pt_br\/wp-json\/wp\/v2\/media\/3630"}],"wp:attachment":[{"href":"https:\/\/mundodocarnaval.com.br\/pt_br\/wp-json\/wp\/v2\/media?parent=3626"}],"wp:term":[{"taxonomy":"category","embeddable":true,"href":"https:\/\/mundodocarnaval.com.br\/pt_br\/wp-json\/wp\/v2\/categories?post=3626"},{"taxonomy":"post_tag","embeddable":true,"href":"https:\/\/mundodocarnaval.com.br\/pt_br\/wp-json\/wp\/v2\/tags?post=3626"}],"curies":[{"name":"wp","href":"https:\/\/api.w.org\/{rel}","templated":true}]}}