{"id":3631,"date":"2025-09-27T19:01:04","date_gmt":"2025-09-27T22:01:04","guid":{"rendered":"https:\/\/mundodocarnaval.com.br\/?p=3631"},"modified":"2025-09-27T19:01:05","modified_gmt":"2025-09-27T22:01:05","slug":"salgueiro-tera-5-musas-da-comunidade","status":"publish","type":"post","link":"https:\/\/mundodocarnaval.com.br\/pt_br\/salgueiro-tera-5-musas-da-comunidade\/","title":{"rendered":"SALGUEIRO TER\u00c1 5 MUSAS DA COMUNIDADE"},"content":{"rendered":"<p>Salgueiro ter\u00e1 5 musas da comunidade no Carnaval de 2026<\/p>\n<p>A agremia\u00e7\u00e3o tem como tradi\u00e7\u00e3o valorizar e destacar os membros da comunidade<\/p>\n<p>Neste s\u00e1bado (27), o Salgueiro dar\u00e1 pontap\u00e9 inicial no Carnaval de 2026 com a escolha do samba-enredo que a agremia\u00e7\u00e3o vai levar para a Marqu\u00eas de Sapuca\u00ed em homenagem \u00e0 maior carnavalesca de toda a hist\u00f3ria da passarela do samba, Rosa Magalh\u00e3es (1947 &#8211; 2024). Al\u00e9m disso, o Salgueiro vai apresentar um novo time de musas da comunidade, que cresceram na vermelho e branca, para o posto.<\/p>\n<p>Cinco ex-passistas desfilando como musas na escola: a cantora Rebecca, Ana Fl\u00e1via Barcelos, Amanda Omin, Bruna Esquenta e Bianca Salgueiro. Elas foram escolhidas por Renata Frisson, a Mulher Mel\u00e3o, que assumiu este ano o posto de coordenadora das musas do Salgueiro, e s\u00e3o s\u00edmbolo da valoriza\u00e7\u00e3o e do investimento cont\u00ednuo da agremia\u00e7\u00e3o nos seus talentos.<\/p>\n<p>Al\u00e9m das quatro, Sabrina Ginga, que tamb\u00e9m cresceu na quadra da escola, ganhou um novo posto de destaque como Embaixadora do Salgueiro. Todas s\u00e3o crias do diretor art\u00edstico da agremia\u00e7\u00e3o, o renomado Carlinhos Salgueiro, que \u00e9 o respons\u00e1vel pelo sucesso de diversas musas que j\u00e1 passaram pela escola e a elogiad\u00edssima ala de passistas.<\/p>\n<p>Na continuidade da valoriza\u00e7\u00e3o dos talentos da comunidade, Drika Sampaio e Wesley Rabisca s\u00e3o Rei e Rainha dos Passistas. &#8220;Eles s\u00e3o dois nomes que traduzem o compromisso do Salgueiro com a forma\u00e7\u00e3o de talentos vindos de suas ra\u00edzes. Ambos come\u00e7aram bem jovens no projeto da escola e hoje representam com orgulho a for\u00e7a do samba salgueirense&#8221;, avalia a a escola<\/p>\n<p>Confira as escolhidas:<\/p>\n<p>Ana Fl\u00e1via, 25 anos, nutricionista: Salgueiro raiz! Criada no morro que viu nossa hist\u00f3ria florescer, ela representa a for\u00e7a da comunidade que constr\u00f3i a escola todos os dias. Sua presen\u00e7a \u00e9 o reflexo do orgulho e da resist\u00eancia de quem traz o vermelho e branco na alma.<\/p>\n<p> Amanda Omin, 23 anos, estudante de direito: Foi no Aprendizes do Salgueiro que ela come\u00e7ou a trilhar seu caminho. Dos primeiros passos no samba \u00e0 eleg\u00e2ncia na avenida, Amandinha representa o poder transformador dos nossos projetos e o sonho que se torna realidade no ch\u00e3o do Nosso Torr\u00e3o.<\/p>\n<p> Bruna Esquenta, 19 anos, modelo e dan\u00e7arina: Tamb\u00e9m revelada pelo Aprendizes, ela cresceu sambando no ritmo da nossa Furiosa e hoje chega ao desfile principal como musa. Sua trajet\u00f3ria mostra que no Salgueiro cada etapa \u00e9 uma conquista e cada sonho pode florescer.<\/p>\n<p> Bianca Salgueiro, 37 anos, personal trainer \u2013 Traz no pr\u00f3prio nome a marca da nossa Academia. Nascida e criada entre nossas bandeiras, ela carrega no sangue o vermelho e branco que corre nas veias do morro e representa a continuidade de uma hist\u00f3ria que nunca para de pulsar.<\/p>\n<p> Rebecca, 27 anos, cantora \u2013 Cria da ala de passistas, aprendeu desde cedo a transformar cada movimento em poesia. Hoje, como musa, representa a garra e o talento que nascem na base e crescem embalados pelo batuque da nossa Furiosa.<\/p>\n","protected":false},"excerpt":{"rendered":"<p>Salgueiro ter\u00e1 5 musas da comunidade no Carnaval de 2026 A agremia\u00e7\u00e3o tem como tradi\u00e7\u00e3o valorizar e destacar os membros da comunidade Neste s\u00e1bado (27), o Salgueiro dar\u00e1 pontap\u00e9 inicial no Carnaval de 2026 com a escolha do samba-enredo que a agremia\u00e7\u00e3o vai levar para a Marqu\u00eas de Sapuca\u00ed em homenagem \u00e0 maior carnavalesca de [&hellip;]<\/p>\n","protected":false},"author":1,"featured_media":3632,"comment_status":"closed","ping_status":"closed","sticky":false,"template":"","format":"standard","meta":{"footnotes":""},"categories":[12],"tags":[],"class_list":["post-3631","post","type-post","status-publish","format-standard","has-post-thumbnail","hentry","category-grupo-especial"],"_links":{"self":[{"href":"https:\/\/mundodocarnaval.com.br\/pt_br\/wp-json\/wp\/v2\/posts\/3631","targetHints":{"allow":["GET"]}}],"collection":[{"href":"https:\/\/mundodocarnaval.com.br\/pt_br\/wp-json\/wp\/v2\/posts"}],"about":[{"href":"https:\/\/mundodocarnaval.com.br\/pt_br\/wp-json\/wp\/v2\/types\/post"}],"author":[{"embeddable":true,"href":"https:\/\/mundodocarnaval.com.br\/pt_br\/wp-json\/wp\/v2\/users\/1"}],"replies":[{"embeddable":true,"href":"https:\/\/mundodocarnaval.com.br\/pt_br\/wp-json\/wp\/v2\/comments?post=3631"}],"version-history":[{"count":1,"href":"https:\/\/mundodocarnaval.com.br\/pt_br\/wp-json\/wp\/v2\/posts\/3631\/revisions"}],"predecessor-version":[{"id":3633,"href":"https:\/\/mundodocarnaval.com.br\/pt_br\/wp-json\/wp\/v2\/posts\/3631\/revisions\/3633"}],"wp:featuredmedia":[{"embeddable":true,"href":"https:\/\/mundodocarnaval.com.br\/pt_br\/wp-json\/wp\/v2\/media\/3632"}],"wp:attachment":[{"href":"https:\/\/mundodocarnaval.com.br\/pt_br\/wp-json\/wp\/v2\/media?parent=3631"}],"wp:term":[{"taxonomy":"category","embeddable":true,"href":"https:\/\/mundodocarnaval.com.br\/pt_br\/wp-json\/wp\/v2\/categories?post=3631"},{"taxonomy":"post_tag","embeddable":true,"href":"https:\/\/mundodocarnaval.com.br\/pt_br\/wp-json\/wp\/v2\/tags?post=3631"}],"curies":[{"name":"wp","href":"https:\/\/api.w.org\/{rel}","templated":true}]}}