{"id":3634,"date":"2025-09-27T19:06:29","date_gmt":"2025-09-27T22:06:29","guid":{"rendered":"https:\/\/mundodocarnaval.com.br\/?p=3634"},"modified":"2025-09-27T19:06:29","modified_gmt":"2025-09-27T22:06:29","slug":"botafogo-samba-clube-promove-concurso","status":"publish","type":"post","link":"https:\/\/mundodocarnaval.com.br\/pt_br\/botafogo-samba-clube-promove-concurso\/","title":{"rendered":"Botafogo Samba Clube promove concurso"},"content":{"rendered":"<p>Botafogo Samba Clube promove concurso para 2\u00aa Porta-bandeira<\/p>\n<p>A Botafogo Samba Clube promover\u00e1 um concurso para eleger sua nova 2\u00aa porta-bandeira para o carnaval de 2026. As interessadas no concurso devem preencher o formul\u00e1rio (https:\/\/forms.gle\/eiXSq2q9SakXnWkr6) at\u00e9 o dia 05 de outubro. A etapa \u00fanica acontecer\u00e1 no dia 11 de outubro, durante a feijoada de lan\u00e7amento do samba-enredo da agremia\u00e7\u00e3o.<\/p>\n<p>A vencedora integrar\u00e1 o time de casais da escola alvinegra e conduzir\u00e1 o segundo pavilh\u00e3o da escola ao lado do mestre-sala Marvyn Souza. Com o enredo \u201cO Brasil que floresce em arte\u201d, a escola abrir\u00e1 a segunda noite dos desfiles da S\u00e9rie Ouro, s\u00e1bado de carnaval.<\/p>\n<p>Fotos: @bycintiamello<\/p>\n","protected":false},"excerpt":{"rendered":"<p>Botafogo Samba Clube promove concurso para 2\u00aa Porta-bandeira A Botafogo Samba Clube promover\u00e1 um concurso para eleger sua nova 2\u00aa porta-bandeira para o carnaval de 2026. As interessadas no concurso devem preencher o formul\u00e1rio (https:\/\/forms.gle\/eiXSq2q9SakXnWkr6) at\u00e9 o dia 05 de outubro. A etapa \u00fanica acontecer\u00e1 no dia 11 de outubro, durante a feijoada de lan\u00e7amento [&hellip;]<\/p>\n","protected":false},"author":1,"featured_media":3635,"comment_status":"closed","ping_status":"closed","sticky":false,"template":"","format":"standard","meta":{"footnotes":""},"categories":[13],"tags":[],"class_list":["post-3634","post","type-post","status-publish","format-standard","has-post-thumbnail","hentry","category-fashion"],"_links":{"self":[{"href":"https:\/\/mundodocarnaval.com.br\/pt_br\/wp-json\/wp\/v2\/posts\/3634","targetHints":{"allow":["GET"]}}],"collection":[{"href":"https:\/\/mundodocarnaval.com.br\/pt_br\/wp-json\/wp\/v2\/posts"}],"about":[{"href":"https:\/\/mundodocarnaval.com.br\/pt_br\/wp-json\/wp\/v2\/types\/post"}],"author":[{"embeddable":true,"href":"https:\/\/mundodocarnaval.com.br\/pt_br\/wp-json\/wp\/v2\/users\/1"}],"replies":[{"embeddable":true,"href":"https:\/\/mundodocarnaval.com.br\/pt_br\/wp-json\/wp\/v2\/comments?post=3634"}],"version-history":[{"count":1,"href":"https:\/\/mundodocarnaval.com.br\/pt_br\/wp-json\/wp\/v2\/posts\/3634\/revisions"}],"predecessor-version":[{"id":3636,"href":"https:\/\/mundodocarnaval.com.br\/pt_br\/wp-json\/wp\/v2\/posts\/3634\/revisions\/3636"}],"wp:featuredmedia":[{"embeddable":true,"href":"https:\/\/mundodocarnaval.com.br\/pt_br\/wp-json\/wp\/v2\/media\/3635"}],"wp:attachment":[{"href":"https:\/\/mundodocarnaval.com.br\/pt_br\/wp-json\/wp\/v2\/media?parent=3634"}],"wp:term":[{"taxonomy":"category","embeddable":true,"href":"https:\/\/mundodocarnaval.com.br\/pt_br\/wp-json\/wp\/v2\/categories?post=3634"},{"taxonomy":"post_tag","embeddable":true,"href":"https:\/\/mundodocarnaval.com.br\/pt_br\/wp-json\/wp\/v2\/tags?post=3634"}],"curies":[{"name":"wp","href":"https:\/\/api.w.org\/{rel}","templated":true}]}}