{"id":3641,"date":"2025-09-27T19:20:07","date_gmt":"2025-09-27T22:20:07","guid":{"rendered":"https:\/\/mundodocarnaval.com.br\/?p=3641"},"modified":"2025-09-27T19:20:07","modified_gmt":"2025-09-27T22:20:07","slug":"mulher-melao-promete-luxo-e-glamour-para-escolhidas","status":"publish","type":"post","link":"https:\/\/mundodocarnaval.com.br\/pt_br\/mulher-melao-promete-luxo-e-glamour-para-escolhidas\/","title":{"rendered":"Mulher Mel\u00e3o, promete luxo e glamour para escolhidas"},"content":{"rendered":"<p>Coordenadora das musas do Salgueiro, Mulher Mel\u00e3o promete luxo e glamour para escolhidas e diz: \u2018Tamb\u00e9m vou desfilar\u2019<br \/>\nEntre as beldades est\u00e3o nomes como Bruna Griphao, Gkay, MC Rebecca, Bruna Esquenta e Bianca Salgueiro<br \/>\nAinda faltam alguns meses para o Carnaval de 2026, mas nesta \u00faltima semana um assunto ligado \u00e0 folia reverberou: as novas musas do Salgueiro. Entre nomes famosos e outros ligados \u00e0 comunidade da escola de samba, um ponto em comum: Renata Frisson, a Mulher Mel\u00e3o &#8211; nova coordenadora das musas da agremia\u00e7\u00e3o.<\/p>\n<p>A cada dia, nomes como Gkay, Bruna Griphao e Carol Nakamura deram o que falar no mundo samba. Eles se juntaram ainda ao nome de Cintia Dicker &#8211; escolhida pelo presidente da escola, Andr\u00e9 Vaz -, e aos das musas tidas como da comunidade: Bruna Esquenta, Ana Fl\u00e1via Barcelos, Rebecca, Amanda Omin e Bianca Salgueiro.<\/p>\n<p>Quando perguntada sobre poss\u00edveis novos nomes, Mel\u00e3o e como ela responde \u00e0s cr\u00edticas por colocar mulheres de fora da folia no desfile do Sal, e ainda se vai desfilar em 2026 ou s\u00f3 apoiar suas meninas, ela comenta: &#8220;Quero montar uma constela\u00e7\u00e3o dentro do Salgueiro, tanto de meninas famosas, quanto da comunidade. Tenho certeza que essa vai ser a escola com mais musas da comunidade. S\u00e3o cinco at\u00e9 agora: mulheres de todas as cores, idades, belezas e que acima de tudo amam o carnaval\u201d, diz a coordenadora musa e dedicada.<\/p>\n<p>FOTO: Marcos Serra Lima<\/p>\n","protected":false},"excerpt":{"rendered":"<p>Coordenadora das musas do Salgueiro, Mulher Mel\u00e3o promete luxo e glamour para escolhidas e diz: \u2018Tamb\u00e9m vou desfilar\u2019 Entre as beldades est\u00e3o nomes como Bruna Griphao, Gkay, MC Rebecca, Bruna Esquenta e Bianca Salgueiro Ainda faltam alguns meses para o Carnaval de 2026, mas nesta \u00faltima semana um assunto ligado \u00e0 folia reverberou: as novas [&hellip;]<\/p>\n","protected":false},"author":1,"featured_media":3642,"comment_status":"closed","ping_status":"closed","sticky":false,"template":"","format":"standard","meta":{"footnotes":""},"categories":[12],"tags":[],"class_list":["post-3641","post","type-post","status-publish","format-standard","has-post-thumbnail","hentry","category-grupo-especial"],"_links":{"self":[{"href":"https:\/\/mundodocarnaval.com.br\/pt_br\/wp-json\/wp\/v2\/posts\/3641","targetHints":{"allow":["GET"]}}],"collection":[{"href":"https:\/\/mundodocarnaval.com.br\/pt_br\/wp-json\/wp\/v2\/posts"}],"about":[{"href":"https:\/\/mundodocarnaval.com.br\/pt_br\/wp-json\/wp\/v2\/types\/post"}],"author":[{"embeddable":true,"href":"https:\/\/mundodocarnaval.com.br\/pt_br\/wp-json\/wp\/v2\/users\/1"}],"replies":[{"embeddable":true,"href":"https:\/\/mundodocarnaval.com.br\/pt_br\/wp-json\/wp\/v2\/comments?post=3641"}],"version-history":[{"count":1,"href":"https:\/\/mundodocarnaval.com.br\/pt_br\/wp-json\/wp\/v2\/posts\/3641\/revisions"}],"predecessor-version":[{"id":3643,"href":"https:\/\/mundodocarnaval.com.br\/pt_br\/wp-json\/wp\/v2\/posts\/3641\/revisions\/3643"}],"wp:featuredmedia":[{"embeddable":true,"href":"https:\/\/mundodocarnaval.com.br\/pt_br\/wp-json\/wp\/v2\/media\/3642"}],"wp:attachment":[{"href":"https:\/\/mundodocarnaval.com.br\/pt_br\/wp-json\/wp\/v2\/media?parent=3641"}],"wp:term":[{"taxonomy":"category","embeddable":true,"href":"https:\/\/mundodocarnaval.com.br\/pt_br\/wp-json\/wp\/v2\/categories?post=3641"},{"taxonomy":"post_tag","embeddable":true,"href":"https:\/\/mundodocarnaval.com.br\/pt_br\/wp-json\/wp\/v2\/tags?post=3641"}],"curies":[{"name":"wp","href":"https:\/\/api.w.org\/{rel}","templated":true}]}}