{"id":3648,"date":"2025-10-01T20:23:33","date_gmt":"2025-10-01T23:23:33","guid":{"rendered":"https:\/\/mundodocarnaval.com.br\/?p=3648"},"modified":"2025-10-01T20:23:33","modified_gmt":"2025-10-01T23:23:33","slug":"yago-silva-e-barbara-falcao-defenderao-o-1o-pavilhao-do-imperio-de-nova-iguacu","status":"publish","type":"post","link":"https:\/\/mundodocarnaval.com.br\/pt_br\/yago-silva-e-barbara-falcao-defenderao-o-1o-pavilhao-do-imperio-de-nova-iguacu\/","title":{"rendered":"Yago Silva e B\u00e1rbara Falc\u00e3o defender\u00e3o o 1\u00ba pavilh\u00e3o do Imp\u00e9rio de Nova Igua\u00e7u"},"content":{"rendered":"<p>Yago Silva e B\u00e1rbara Falc\u00e3o defender\u00e3o o 1\u00ba pavilh\u00e3o do Imp\u00e9rio de Nova Igua\u00e7u em 2026<\/p>\n<p>O Imp\u00e9rio de Nova Igua\u00e7u ter\u00e1 o seu pavilh\u00e3o defendido por Yago Silva e B\u00e1rbara Falc\u00e3o no carnaval de 2026. Barbar\u00e1 chega para refor\u00e7ar o time da agremia\u00e7\u00e3o e Yago ir\u00e1 ao segundo ano na escola. Juntos formam o novo 1\u00ba casal de mestre-sala e porta-bandeira da azul e branca da Baixada Fluminense.<\/p>\n<p>B\u00e1rbara Falc\u00e3o iniciou no Projeto de Mestre-sala e Porta-bandeira Mestre Dion\u00edsio em 2006. Tem passagens por escolas como S\u00e3o Clemente, Imp\u00e9rio Serrano, Imp\u00e9rio da Tijuca, Alegria da Zona Sul, Bo\u00eamios de Inha\u00fama, Unidos do Cabral, Rosa de Ouro e Magn\u00f3lia Brasil.<\/p>\n<p>Yago Silva come\u00e7ou como Mestre-sala no carnaval de Niter\u00f3i e passou pelas escolas Acad\u00eamicos do Sossego, Acad\u00eamicos de Niter\u00f3i, Sereno de Campo Grande, Sabi\u00e1, Bafo do Tigre e Alegria da Zona Norte.<\/p>\n<p>A escola desfilar\u00e1 como a 6\u00aa agremia\u00e7\u00e3o da S\u00e9rie Prata (Superliga), na segunda-feira, 16 de fevereiro de 2026, na Estrada Intendente Magalh\u00e3es.<\/p>\n","protected":false},"excerpt":{"rendered":"<p>Yago Silva e B\u00e1rbara Falc\u00e3o defender\u00e3o o 1\u00ba pavilh\u00e3o do Imp\u00e9rio de Nova Igua\u00e7u em 2026 O Imp\u00e9rio de Nova Igua\u00e7u ter\u00e1 o seu pavilh\u00e3o defendido por Yago Silva e B\u00e1rbara Falc\u00e3o no carnaval de 2026. Barbar\u00e1 chega para refor\u00e7ar o time da agremia\u00e7\u00e3o e Yago ir\u00e1 ao segundo ano na escola. Juntos formam o [&hellip;]<\/p>\n","protected":false},"author":1,"featured_media":3649,"comment_status":"closed","ping_status":"closed","sticky":false,"template":"","format":"standard","meta":{"footnotes":""},"categories":[14],"tags":[],"class_list":["post-3648","post","type-post","status-publish","format-standard","has-post-thumbnail","hentry","category-gadgets"],"_links":{"self":[{"href":"https:\/\/mundodocarnaval.com.br\/pt_br\/wp-json\/wp\/v2\/posts\/3648","targetHints":{"allow":["GET"]}}],"collection":[{"href":"https:\/\/mundodocarnaval.com.br\/pt_br\/wp-json\/wp\/v2\/posts"}],"about":[{"href":"https:\/\/mundodocarnaval.com.br\/pt_br\/wp-json\/wp\/v2\/types\/post"}],"author":[{"embeddable":true,"href":"https:\/\/mundodocarnaval.com.br\/pt_br\/wp-json\/wp\/v2\/users\/1"}],"replies":[{"embeddable":true,"href":"https:\/\/mundodocarnaval.com.br\/pt_br\/wp-json\/wp\/v2\/comments?post=3648"}],"version-history":[{"count":1,"href":"https:\/\/mundodocarnaval.com.br\/pt_br\/wp-json\/wp\/v2\/posts\/3648\/revisions"}],"predecessor-version":[{"id":3650,"href":"https:\/\/mundodocarnaval.com.br\/pt_br\/wp-json\/wp\/v2\/posts\/3648\/revisions\/3650"}],"wp:featuredmedia":[{"embeddable":true,"href":"https:\/\/mundodocarnaval.com.br\/pt_br\/wp-json\/wp\/v2\/media\/3649"}],"wp:attachment":[{"href":"https:\/\/mundodocarnaval.com.br\/pt_br\/wp-json\/wp\/v2\/media?parent=3648"}],"wp:term":[{"taxonomy":"category","embeddable":true,"href":"https:\/\/mundodocarnaval.com.br\/pt_br\/wp-json\/wp\/v2\/categories?post=3648"},{"taxonomy":"post_tag","embeddable":true,"href":"https:\/\/mundodocarnaval.com.br\/pt_br\/wp-json\/wp\/v2\/tags?post=3648"}],"curies":[{"name":"wp","href":"https:\/\/api.w.org\/{rel}","templated":true}]}}