{"id":3657,"date":"2025-10-02T23:54:51","date_gmt":"2025-10-03T02:54:51","guid":{"rendered":"https:\/\/mundodocarnaval.com.br\/?p=3657"},"modified":"2025-10-02T23:54:51","modified_gmt":"2025-10-03T02:54:51","slug":"estilista-daniel-zarmanno-leva-sua-assinatura-a-figurinos-do-grupo-especial","status":"publish","type":"post","link":"https:\/\/mundodocarnaval.com.br\/pt_br\/estilista-daniel-zarmanno-leva-sua-assinatura-a-figurinos-do-grupo-especial\/","title":{"rendered":"Estilista Daniel Zarmanno leva sua assinatura a figurinos do Grupo Especial"},"content":{"rendered":"<p>Estilista Daniel Zarmanno leva sua assinatura a figurinos do Grupo Especial do samba carioca<\/p>\n<p>O estilista Daniel Zarmanno tem se destacado nos bastidores do Carnaval carioca com figurinos que unem luxo, criatividade e acabamento impec\u00e1vel. Nas \u00faltimas semanas, seu trabalho ganhou ainda mais visibilidade ao vestir grandes nomes nos eventos de escolhas de samba do Grupo Especial.<\/p>\n<p>Zarmanno foi o respons\u00e1vel pelos trajes do Rei e da Rainha dos Passistas do Salgueiro, Wesley Rabisca e Drika Sampaio, al\u00e9m de desenvolver figurinos para a ala de passistas da Portela e da Acad\u00eamicos do Grande Rio. No universo das musas, assinaram suas cria\u00e7\u00f5es Amanda Omim (Salgueiro), Gaby Mendes (Mocidade Independente de Padre Miguel) e Deisiane Jesus (musa da ala de passistas da Portela). J\u00e1 no an\u00fancio da nova musa da escola Em Cima da Hora, Ingrid Castro tamb\u00e9m brilhou com um modelo exclusivo do estilista.<\/p>\n<p>Com uma trajet\u00f3ria marcada pelo detalhismo, Zarmanno conquistou a confian\u00e7a de clientes que buscam n\u00e3o apenas um figurino, mas a realiza\u00e7\u00e3o de um sonho.\u201cCada projeto \u00e9 \u00fanico. Meus clientes chegam com desejos e expectativas, e eu tenho a miss\u00e3o de transformar isso em realidade no palco do samba\u201d, destaca o estilista.<\/p>\n","protected":false},"excerpt":{"rendered":"<p>Estilista Daniel Zarmanno leva sua assinatura a figurinos do Grupo Especial do samba carioca O estilista Daniel Zarmanno tem se destacado nos bastidores do Carnaval carioca com figurinos que unem luxo, criatividade e acabamento impec\u00e1vel. Nas \u00faltimas semanas, seu trabalho ganhou ainda mais visibilidade ao vestir grandes nomes nos eventos de escolhas de samba do [&hellip;]<\/p>\n","protected":false},"author":1,"featured_media":3658,"comment_status":"closed","ping_status":"closed","sticky":false,"template":"","format":"standard","meta":{"footnotes":""},"categories":[11],"tags":[],"class_list":["post-3657","post","type-post","status-publish","format-standard","has-post-thumbnail","hentry","category-noticias"],"_links":{"self":[{"href":"https:\/\/mundodocarnaval.com.br\/pt_br\/wp-json\/wp\/v2\/posts\/3657","targetHints":{"allow":["GET"]}}],"collection":[{"href":"https:\/\/mundodocarnaval.com.br\/pt_br\/wp-json\/wp\/v2\/posts"}],"about":[{"href":"https:\/\/mundodocarnaval.com.br\/pt_br\/wp-json\/wp\/v2\/types\/post"}],"author":[{"embeddable":true,"href":"https:\/\/mundodocarnaval.com.br\/pt_br\/wp-json\/wp\/v2\/users\/1"}],"replies":[{"embeddable":true,"href":"https:\/\/mundodocarnaval.com.br\/pt_br\/wp-json\/wp\/v2\/comments?post=3657"}],"version-history":[{"count":1,"href":"https:\/\/mundodocarnaval.com.br\/pt_br\/wp-json\/wp\/v2\/posts\/3657\/revisions"}],"predecessor-version":[{"id":3659,"href":"https:\/\/mundodocarnaval.com.br\/pt_br\/wp-json\/wp\/v2\/posts\/3657\/revisions\/3659"}],"wp:featuredmedia":[{"embeddable":true,"href":"https:\/\/mundodocarnaval.com.br\/pt_br\/wp-json\/wp\/v2\/media\/3658"}],"wp:attachment":[{"href":"https:\/\/mundodocarnaval.com.br\/pt_br\/wp-json\/wp\/v2\/media?parent=3657"}],"wp:term":[{"taxonomy":"category","embeddable":true,"href":"https:\/\/mundodocarnaval.com.br\/pt_br\/wp-json\/wp\/v2\/categories?post=3657"},{"taxonomy":"post_tag","embeddable":true,"href":"https:\/\/mundodocarnaval.com.br\/pt_br\/wp-json\/wp\/v2\/tags?post=3657"}],"curies":[{"name":"wp","href":"https:\/\/api.w.org\/{rel}","templated":true}]}}