{"id":3660,"date":"2025-10-03T00:07:02","date_gmt":"2025-10-03T03:07:02","guid":{"rendered":"https:\/\/mundodocarnaval.com.br\/?p=3660"},"modified":"2025-10-03T00:07:02","modified_gmt":"2025-10-03T03:07:02","slug":"show-tributo-aos-80-anos-de-gonzaguinha-com-marcelo-kara","status":"publish","type":"post","link":"https:\/\/mundodocarnaval.com.br\/pt_br\/show-tributo-aos-80-anos-de-gonzaguinha-com-marcelo-kara\/","title":{"rendered":"Show Tributo aos 80 anos de Gonzaguinha com Marcelo Kar\u00e1"},"content":{"rendered":"<p>Show Tributo aos 80 anos de Gonzaguinha com Marcelo Kar\u00e1, acontece na pr\u00f3xima ter\u00e7a-feira, dia 7 de outubro, na quadra da Est\u00e1cio S\u00e1.<\/p>\n<p>Solidariedade<\/p>\n<p>A entrada ser\u00e1 solid\u00e1ria, mediante doa\u00e7\u00e3o de 1kg de alimento n\u00e3o perec\u00edvel. Todos os alimentos arrecadados ser\u00e3o destinados a institui\u00e7\u00f5es que desenvolvem trabalho social, refor\u00e7ando o compromisso da escola com sua comunidade, com a necessidade de retirada de ingresso antecipadamente pelo whatsapp (21) 966080237<\/p>\n<p>Gonzaguinha 80 &#8211; Pequena mem\u00f3ria para um tempo sem mem\u00f3ria<\/p>\n<p>O Departamento Cultural da Est\u00e1cio de S\u00e1 promove, na pr\u00f3xima ter\u00e7a-feira,  dia 7 de outubro, a partir das 19h,  um show especial em homenagem aos 80 anos de Gonzaguinha, um dos nomes mais importantes da m\u00fasica popular brasileira. O evento acontecer\u00e1 na quadra da Est\u00e1cio de S\u00e1, no cora\u00e7\u00e3o da Cidade Nova\/Est\u00e1cio, e contar\u00e1 com a interpreta\u00e7\u00e3o de Marcelo Kar\u00e1, cantor, compositor, produtor e multi-instrumentista com mais de 30 anos de carreira.<\/p>\n<p>Natural de Porto Alegre e radicado no Rio de Janeiro, Marcelo Kar\u00e1 se consolidou como compositor e diretor musical da Est\u00e1cio de S\u00e1, al\u00e9m de expandir sua trajet\u00f3ria internacional como representante da m\u00fasica brasileira em projetos culturais no Reino Unido e em outras regi\u00f5es da Europa.<\/p>\n<p>Repert\u00f3rio<\/p>\n<p>O show trar\u00e1 um repert\u00f3rio dedicado \u00e0s can\u00e7\u00f5es de Gonzaguinha, como \u201cO Que \u00c9, O Que \u00c9\u201d, \u201cExplode Cora\u00e7\u00e3o\u201d e \u201cComportamento Geral\u201d, reafirmando a atualidade da obra do artista e sua contribui\u00e7\u00e3o para a m\u00fasica brasileira.<\/p>\n<p>Mem\u00f3ria e identidade cultural<\/p>\n<p>A realiza\u00e7\u00e3o do evento pelo Departamento Cultural da Est\u00e1cio de S\u00e1 refor\u00e7a a import\u00e2ncia do resgate da mem\u00f3ria e da valoriza\u00e7\u00e3o dos v\u00ednculos hist\u00f3ricos entre a escola de samba e a m\u00fasica popular brasileira.<\/p>\n<p>Gonzaguinha e a Est\u00e1cio<\/p>\n<p>A rela\u00e7\u00e3o de Gonzaguinha com a comunidade da Est\u00e1cio \u00e9 antiga. Filho do cantor Luiz Gonzaga, o artista viveu parte de sua juventude no Morro de S\u00e3o Carlos, territ\u00f3rio de forte liga\u00e7\u00e3o com a Est\u00e1cio de S\u00e1. Essa conviv\u00eancia influenciou seu olhar cr\u00edtico e social, refletido em suas composi\u00e7\u00f5es. Em 2017, Gonzaguinha foi homenageado como enredo da Est\u00e1cio de S\u00e1, em um desfile que marcou a hist\u00f3ria da escola ao celebrar sua obra e sua trajet\u00f3ria.<\/p>\n<p>Solidariedade<\/p>\n<p>A entrada ser\u00e1 solid\u00e1ria, mediante doa\u00e7\u00e3o de 1kg de alimento n\u00e3o perec\u00edvel. Todos os alimentos arrecadados ser\u00e3o destinados a institui\u00e7\u00f5es que desenvolvem trabalho social, refor\u00e7ando o compromisso da escola com sua comunidade, com a necessidade de retirada de ingresso antecipadamente pelo whatsapp (21) 966080237<\/p>\n<p>Servi\u00e7o<\/p>\n<p>Evento: Gonzaguinha 80<\/p>\n<p>Artista: Marcelo Kar\u00e1, banda e convidados<\/p>\n<p>Retirada de ingressos (21) 966080237<\/p>\n<p>Data: 07 de outubro<\/p>\n<p>Local: Quadra da Est\u00e1cio de S\u00e1 \u2013 Rua Salvador de S\u00e1, 206\/208 \u2013 Cidade Nova, Rio de Janeiro<\/p>\n<p>Hor\u00e1rio: 19h<\/p>\n<p>Abertura dos port\u00f5es \u00e0s 18h<\/p>\n<p>Entrada: 1kg de alimento n\u00e3o perec\u00edvel (exceto sal e a\u00e7\u00facar), necess\u00e1rio a retirada de ingressos antecipados via whatsApp<\/p>\n","protected":false},"excerpt":{"rendered":"<p>Show Tributo aos 80 anos de Gonzaguinha com Marcelo Kar\u00e1, acontece na pr\u00f3xima ter\u00e7a-feira, dia 7 de outubro, na quadra da Est\u00e1cio S\u00e1. Solidariedade A entrada ser\u00e1 solid\u00e1ria, mediante doa\u00e7\u00e3o de 1kg de alimento n\u00e3o perec\u00edvel. Todos os alimentos arrecadados ser\u00e3o destinados a institui\u00e7\u00f5es que desenvolvem trabalho social, refor\u00e7ando o compromisso da escola com sua [&hellip;]<\/p>\n","protected":false},"author":1,"featured_media":3661,"comment_status":"closed","ping_status":"closed","sticky":false,"template":"","format":"standard","meta":{"footnotes":""},"categories":[11],"tags":[],"class_list":["post-3660","post","type-post","status-publish","format-standard","has-post-thumbnail","hentry","category-noticias"],"_links":{"self":[{"href":"https:\/\/mundodocarnaval.com.br\/pt_br\/wp-json\/wp\/v2\/posts\/3660","targetHints":{"allow":["GET"]}}],"collection":[{"href":"https:\/\/mundodocarnaval.com.br\/pt_br\/wp-json\/wp\/v2\/posts"}],"about":[{"href":"https:\/\/mundodocarnaval.com.br\/pt_br\/wp-json\/wp\/v2\/types\/post"}],"author":[{"embeddable":true,"href":"https:\/\/mundodocarnaval.com.br\/pt_br\/wp-json\/wp\/v2\/users\/1"}],"replies":[{"embeddable":true,"href":"https:\/\/mundodocarnaval.com.br\/pt_br\/wp-json\/wp\/v2\/comments?post=3660"}],"version-history":[{"count":1,"href":"https:\/\/mundodocarnaval.com.br\/pt_br\/wp-json\/wp\/v2\/posts\/3660\/revisions"}],"predecessor-version":[{"id":3662,"href":"https:\/\/mundodocarnaval.com.br\/pt_br\/wp-json\/wp\/v2\/posts\/3660\/revisions\/3662"}],"wp:featuredmedia":[{"embeddable":true,"href":"https:\/\/mundodocarnaval.com.br\/pt_br\/wp-json\/wp\/v2\/media\/3661"}],"wp:attachment":[{"href":"https:\/\/mundodocarnaval.com.br\/pt_br\/wp-json\/wp\/v2\/media?parent=3660"}],"wp:term":[{"taxonomy":"category","embeddable":true,"href":"https:\/\/mundodocarnaval.com.br\/pt_br\/wp-json\/wp\/v2\/categories?post=3660"},{"taxonomy":"post_tag","embeddable":true,"href":"https:\/\/mundodocarnaval.com.br\/pt_br\/wp-json\/wp\/v2\/tags?post=3660"}],"curies":[{"name":"wp","href":"https:\/\/api.w.org\/{rel}","templated":true}]}}