{"id":3663,"date":"2025-10-03T00:16:27","date_gmt":"2025-10-03T03:16:27","guid":{"rendered":"https:\/\/mundodocarnaval.com.br\/?p=3663"},"modified":"2025-10-03T00:16:28","modified_gmt":"2025-10-03T03:16:28","slug":"jorge-aragao-celebra-50-anos-de-carreira-neste-domingo-5-no-casarao-do-firmino","status":"publish","type":"post","link":"https:\/\/mundodocarnaval.com.br\/pt_br\/jorge-aragao-celebra-50-anos-de-carreira-neste-domingo-5-no-casarao-do-firmino\/","title":{"rendered":"Jorge Arag\u00e3o celebra 50 anos de carreira neste domingo (5), no Casar\u00e3o do Firmino"},"content":{"rendered":"<p>Jorge Arag\u00e3o celebra 50 anos de carreira neste domingo (5), no Casar\u00e3o do Firmino, na Lapa.<\/p>\n<p>Evento ainda ter\u00e1 Grupo Arruda, Resenha Como Antigamente e Sons Brasil, com o lan\u00e7amento da m\u00fasica \u201cMeus Avessos\u201d. Nos intervalos DJ Nicolle Neumann.<\/p>\n<p> Cr\u00e9dito da  foto de Adriano von Markendorf<\/p>\n<p>O cantor e compositor Jorge Arag\u00e3o vai levar neste domingo, dia 5 de outubro, a partir das 12h, no Casar\u00e3o do Firmino, \u201cMaior Casa de Samba da Lapa&#8221;, o show que celebra seus 50 anos de trajet\u00f3ria na m\u00fasica. A festa tem Chopp 0800\/liberado das 12h \u00e0s 13h30. Cheguem cedo, pois o Centro do Rio vai parar!<\/p>\n<p>O evento tamb\u00e9m re\u00fane Grupo Arruda, Resenha Como Antigamente e Sons Brasil, com o lan\u00e7amento da m\u00fasica \u201cMeus Avessos\u201d. Nos intervalos DJ Nicolle Neumann.<\/p>\n<p>Os ingressos j\u00e1 est\u00e3o \u00e0 venda: 1\u00ba Lote: Esgotado. 2\u00ba Lote R$60,00 https:\/\/www.sympla.com.br\/evento\/casarao-do-firmino-convida-jorge-aragao-arruda-sons-brasil\/3127499 . Mais informa\u00e7\u00f5es, d\u00favidas, anivers\u00e1rios, chame no Whatsapp atrav\u00e9s do n\u00famero (21) 99826-2068. Classifica\u00e7\u00e3o: 18 anos.<\/p>\n<p>..<br \/>\nNo show Jorge Arag\u00e3o \u2013 50 anos de poesia, o compositor vai brindar o p\u00fablico do Casar\u00e3o do Firmino , a maior Casa de Samba  Rio de Janeiro com v\u00e1rios  sucessos, como \u201cMalandro\u201d (Jorge Arag\u00e3o e Jotab\u00ea), \u201cTend\u00eancia\u201d (Jorge Arag\u00e3o e Dona Ivone Lara), \u201cCoisa de Pele\u201d (Acyr Marques e Jorge Arag\u00e3o), \u201cLucidez\u201d (Jorge Arag\u00e3o e Cl\u00e9ber Augusto), \u201cVou festejar\u201d (Jorge Arag\u00e3o, Dida e Neoci), Coisinha do Pai (Jorge Arag\u00e3o, Almir Guineto e Luis Carlos), \u201cMoleque Atrevido\u201d(Jorge Arag\u00e3o, Fl\u00e1vio Cardoso e Paulinho Resende) e \u201cIdentidade\u201d (Jorge Arag\u00e3o), entre outros cl\u00e1ssicos que at\u00e9 hoje reverberam nos palcos e rodas de samba do Brasil.<\/p>\n<p>Sobre Jorge Arag\u00e3o<br \/>\nNascido em 1\u00ba de mar\u00e7o de 1949 \u2013 sens\u00edvel, intuitivo e ligado \u00e0 espiritualidade, como os nativos do signo de Peixes -, Jorge Arag\u00e3o \u00e9 um dos maiores nomes da m\u00fasica popular brasileira. Nascido no Bairro de Padre Miguel, no Rio de Janeiro, foi fisgado pelo samba ainda jovem, mas esse amor ganhou for\u00e7a quando ele se juntou ao grupo de compositores que se reunia na quadra do Bloco carioca Cacique de Ramos. Foi l\u00e1 que Beth Carvalho, cantora intimamente ligada \u00e0 trajet\u00f3ria de Arag\u00e3o, o conheceu. Beth transformou sambas como \u201cVou Festejar\u201d e \u201cCoisinha do Pai\u201d em sucessos instant\u00e2neos.<br \/>\n.<br \/>\nContempor\u00e2neo de Zeca Pagodinho, Arlindo Cruz, Almir Guineto e Sombrinha, entre outros companheiros do chamado Fundo de Quintal (do qual foi um dos fundadores), Jorge Arag\u00e3o transita com maestria por todas as vertentes do samba. Antes de juntar-se ao grupo de compositores, j\u00e1 havia emplacado sucessos nas vozes de Elza Soares (\u201cMalandro\u201d) e Em\u00edlio Santiago (\u201cLogo agora\u201d).<br \/>\n.<br \/>\nCom mais de 20 \u00e1lbuns lan\u00e7ados, Jorge Arag\u00e3o j\u00e1 foi gravado por artistas de diferentes estilos e gera\u00e7\u00f5es: de Elba Ramalho e Maria Rita a Ney Matogrosso e Exaltasamba; de Martinho da Vila e Dona Ivone Lara a Jorge Vercillo e Seu Jorge, entre tantos outros. Dono de uma extensa discografia, em 2016 foi protagonista do projeto Sambabook, indicado ao Grammy Latino, que incluiu discobiografia, fich\u00e1rio de partituras e um CD f\u00edsico com grava\u00e7\u00f5es de grandes nomes do samba e da MPB.<\/p>\n<p>Sobre o Casar\u00e3o do Firmino<br \/>\nSobre a Casa, um \u201cPal\u00e1cio do Samba\u201d, como \u00e9 popularmente conhecido, localizado no ber\u00e7o da boemia carioca, no bairro da Lapa, entre o Centro e a zona sul do Rio de Janeiro, o Casar\u00e3o do Firmino \u00e9 conhecido pelas tradicionais rodas de samba que re\u00fanem grandes nomes do cen\u00e1rio musical, pessoas de todos os cantos do Rio de Janeiro, al\u00e9m de turistas brasileiros e estrangeiros.<\/p>\n<p>O idealizador do Casar\u00e3o \u00e9 o empres\u00e1rio Carlos Firmino, de 42 anos, que d\u00e1 nome ao espa\u00e7o cultural, que ocupa uma \u00e1rea coberta e ampla, de f\u00e1cil acesso, situada na efervesc\u00eancia cultural do Rio. O Casar\u00e3o tamb\u00e9m \u00e9 s\u00edmbolo de resist\u00eancia. Os eventos buscam resgatar a ess\u00eancia do samba, com entradas gratuitas ou colaborativas, em que cada frequentador contribui se quiser e com quanto puder. O principal objetivo \u00e9 manter vivo o ritmo que mexe com pessoas do mundo inteiro.<\/p>\n<p>\u201cAmarra a marimba e espalha a fofoca!\u201d O bord\u00e3o j\u00e1 \u00e9 uma marca. A express\u00e3o criada por Carlos Firmino para divulgar as atra\u00e7\u00f5es do Casar\u00e3o, hoje, \u00e9 repetida por artistas e frequentadores ass\u00edduos do espa\u00e7o mais concorrido da bo\u00eamia Lapa. E n\u00e3o apenas a frase ganhou fama. A fila que se estende pela rua da Rela\u00e7\u00e3o e toma a cal\u00e7ada da esquina, na Lavradio, refor\u00e7a que Pal\u00e1cio do Samba \u00e9 ponto de encontro de cariocas e turistas.<\/p>\n<p>Ali\u00e1s, o local parece estar mesmo na moda. \u00c9 cada vez mais comum encontrar no estacionamento decorado &#8211; s\u00e3o samambaias, l\u00e2mpadas, placas e pinturas que celebram orix\u00e1s e homenageiam Nelson Mandela &#8211; atores, atrizes, jornalistas, influenciadores digitais e grandes nomes do mundo do samba. Recentemente, Moacyr Luz, Xande de Pilares, Pique Novo, Sombrinha, Feyj\u00e3o, Jorge Arag\u00e3o passaram pela casa.<\/p>\n<p>Vinny Santa F\u00e9, D\u00e9lcio Luiz, Gabriel da Muda, Nego \u00c1lvaro, Toninho Geraes e Serginho Meriti tamb\u00e9m est\u00e3o sempre presentes e s\u00e3o sin\u00f4nimo de sucesso de p\u00fablico. O grupo Arruda \u00e9 outra atra\u00e7\u00e3o que atrai f\u00e3s de todos os cantos da cidade, assim como o Pagode da Beta, pot\u00eancia dessa gera\u00e7\u00e3o que n\u00e3o deixa o samba morrer.<\/p>\n<p>SERVI\u00c7O:<\/p>\n<p>Shows completos de Jorge Arag\u00e3o, Grupo Arruda, Resenha Como Antigamente e Sons Brasil, com o lan\u00e7amento da m\u00fasica \u201cMeus Avessos\u201d. Nos intervalos DJ Nicolle Neumann .<\/p>\n<p>Data:  5  de Outubro , domingo<br \/>\nLocal: Rua da Rela\u00e7\u00e3o, 19, na Lapa<br \/>\nHor\u00e1rio: A partir das 12h.<br \/>\nEntrada: Os ingressos j\u00e1 est\u00e3o \u00e0 venda: 1\u00ba Lote: Esgotado. 2\u00ba Lote R$60,00 https:\/\/www.sympla.com.br\/evento\/casarao-do-firmino-convida-jorge-aragao-arruda-sons-brasil\/3127499 . Mais informa\u00e7\u00f5es, d\u00favidas, anivers\u00e1rios, chame no Whatsapp atrav\u00e9s do n\u00famero (21) 99826-2068.<\/p>\n<p> Mais informa\u00e7\u00f5es: 21 97278-6881.<br \/>\nClassifica\u00e7\u00e3o: 18 anos <\/p>\n","protected":false},"excerpt":{"rendered":"<p>Jorge Arag\u00e3o celebra 50 anos de carreira neste domingo (5), no Casar\u00e3o do Firmino, na Lapa. Evento ainda ter\u00e1 Grupo Arruda, Resenha Como Antigamente e Sons Brasil, com o lan\u00e7amento da m\u00fasica \u201cMeus Avessos\u201d. Nos intervalos DJ Nicolle Neumann. Cr\u00e9dito da foto de Adriano von Markendorf O cantor e compositor Jorge Arag\u00e3o vai levar neste [&hellip;]<\/p>\n","protected":false},"author":1,"featured_media":3664,"comment_status":"closed","ping_status":"closed","sticky":false,"template":"","format":"standard","meta":{"footnotes":""},"categories":[11],"tags":[],"class_list":["post-3663","post","type-post","status-publish","format-standard","has-post-thumbnail","hentry","category-noticias"],"_links":{"self":[{"href":"https:\/\/mundodocarnaval.com.br\/pt_br\/wp-json\/wp\/v2\/posts\/3663","targetHints":{"allow":["GET"]}}],"collection":[{"href":"https:\/\/mundodocarnaval.com.br\/pt_br\/wp-json\/wp\/v2\/posts"}],"about":[{"href":"https:\/\/mundodocarnaval.com.br\/pt_br\/wp-json\/wp\/v2\/types\/post"}],"author":[{"embeddable":true,"href":"https:\/\/mundodocarnaval.com.br\/pt_br\/wp-json\/wp\/v2\/users\/1"}],"replies":[{"embeddable":true,"href":"https:\/\/mundodocarnaval.com.br\/pt_br\/wp-json\/wp\/v2\/comments?post=3663"}],"version-history":[{"count":1,"href":"https:\/\/mundodocarnaval.com.br\/pt_br\/wp-json\/wp\/v2\/posts\/3663\/revisions"}],"predecessor-version":[{"id":3665,"href":"https:\/\/mundodocarnaval.com.br\/pt_br\/wp-json\/wp\/v2\/posts\/3663\/revisions\/3665"}],"wp:featuredmedia":[{"embeddable":true,"href":"https:\/\/mundodocarnaval.com.br\/pt_br\/wp-json\/wp\/v2\/media\/3664"}],"wp:attachment":[{"href":"https:\/\/mundodocarnaval.com.br\/pt_br\/wp-json\/wp\/v2\/media?parent=3663"}],"wp:term":[{"taxonomy":"category","embeddable":true,"href":"https:\/\/mundodocarnaval.com.br\/pt_br\/wp-json\/wp\/v2\/categories?post=3663"},{"taxonomy":"post_tag","embeddable":true,"href":"https:\/\/mundodocarnaval.com.br\/pt_br\/wp-json\/wp\/v2\/tags?post=3663"}],"curies":[{"name":"wp","href":"https:\/\/api.w.org\/{rel}","templated":true}]}}