{"id":3666,"date":"2025-10-03T16:35:12","date_gmt":"2025-10-03T19:35:12","guid":{"rendered":"https:\/\/mundodocarnaval.com.br\/?p=3666"},"modified":"2025-10-03T16:35:13","modified_gmt":"2025-10-03T19:35:13","slug":"musas-da-unidos-de-vila-isabel-recebem-croquis-das-fantasias","status":"publish","type":"post","link":"https:\/\/mundodocarnaval.com.br\/pt_br\/musas-da-unidos-de-vila-isabel-recebem-croquis-das-fantasias\/","title":{"rendered":"Musas da Unidos de Vila Isabel recebem croquis das fantasias"},"content":{"rendered":"<p>Musas da Unidos de Vila Isabel recebem croquis das fantasias para o desfile de 2026<\/p>\n<p>Nesta quarta-feira (1\u00ba), a Unidos de Vila Isabel entregou oficialmente \u00e0s suas musas os croquis das fantasias que brilhar\u00e3o na Sapuca\u00ed durante o Carnaval de 2026. O grupo ser\u00e1 formado por Gabi Martins, Luiza Caldi, Vivi Winkler, Dandara Oliveira, Monique Rizeto, Ainee Coutinho, Ray Figliuzzi, Juliana Moraes, Yasmin Lima e Ci\u00e7a Ferreira.<\/p>\n<p>Entre as estreantes est\u00e3o Ainee Coutinho e Ray Figliuzzi, al\u00e9m das tr\u00eas vencedoras do Concurso de Musa da Comunidade, Juliana Moraes, Yasmin Lima e Ci\u00e7a Ferreira, realizado durante a disputa de samba da escola.<\/p>\n<p>Emocionada ao receber sua fantasia, Yasmin Lima relembrou sua trajet\u00f3ria:<\/p>\n<p>\u201cComecei na Vila Isabel como passista em 2022, mas sou ligada \u00e0 escola desde sempre, por ser do bairro e pela influ\u00eancia da minha fam\u00edlia. Representar a escola, o bairro e a comunidade \u00e9 um dos melhores momentos da minha vida. Estou emocionada com o croqui da fantasia e animada para brilhar na avenida em 2026, ao lado desse time de musas maravilhoso.\u201d<\/p>\n<p>Ci\u00e7a Ferreira, tamb\u00e9m eleita no concurso, destacou a import\u00e2ncia simb\u00f3lica do cargo:<\/p>\n<p>\u201cChegar como passista e conquistar o cargo de musa foi um sonho realizado. Estou feliz em representar a Vila Isabel, contar um pouco do samba-enredo e participar de algo t\u00e3o significativo para a hist\u00f3ria de Heitor dos Prazeres. A fantasia foi feita com muito carinho, e espero encantar a todos na avenida.\u201d<\/p>\n<p>Juliana Moraes, terceira vencedora, celebrou a oportunidade de representar a comunidade:<\/p>\n<p>\u201cRepresentar a Vila Isabel \u00e9 muito especial para mim, porque a escola valoriza ancestralidade, negritude e identidade. Vir como uma musa da comunidade, p\u00e9 no ch\u00e3o, refor\u00e7ando esse pertencimento. Desfilo na Vila h\u00e1 cinco anos e, como m\u00e3e e pedagoga, acredito ser fundamental transmitir \u00e0s crian\u00e7as a import\u00e2ncia de conhecerem suas ra\u00edzes e valorizarem a pr\u00f3pria cultura.\u201d<\/p>\n<p>Com o enredo \u201cMacumbemb\u00ea, Samboremb\u00e1: Sonhei que um sambista sonhou a \u00c1frica\u201d, a Vila Isabel se prepara para um desfile que celebrar\u00e1 a arte, a ancestralidade e o samba, inspirado na obra de Heitor dos Prazeres \u2014 artista pl\u00e1stico, compositor e um dos grandes nomes da cultura carioca.<\/p>\n","protected":false},"excerpt":{"rendered":"<p>Musas da Unidos de Vila Isabel recebem croquis das fantasias para o desfile de 2026 Nesta quarta-feira (1\u00ba), a Unidos de Vila Isabel entregou oficialmente \u00e0s suas musas os croquis das fantasias que brilhar\u00e3o na Sapuca\u00ed durante o Carnaval de 2026. O grupo ser\u00e1 formado por Gabi Martins, Luiza Caldi, Vivi Winkler, Dandara Oliveira, Monique [&hellip;]<\/p>\n","protected":false},"author":1,"featured_media":3667,"comment_status":"closed","ping_status":"closed","sticky":false,"template":"","format":"standard","meta":{"footnotes":""},"categories":[12],"tags":[],"class_list":["post-3666","post","type-post","status-publish","format-standard","has-post-thumbnail","hentry","category-grupo-especial"],"_links":{"self":[{"href":"https:\/\/mundodocarnaval.com.br\/pt_br\/wp-json\/wp\/v2\/posts\/3666","targetHints":{"allow":["GET"]}}],"collection":[{"href":"https:\/\/mundodocarnaval.com.br\/pt_br\/wp-json\/wp\/v2\/posts"}],"about":[{"href":"https:\/\/mundodocarnaval.com.br\/pt_br\/wp-json\/wp\/v2\/types\/post"}],"author":[{"embeddable":true,"href":"https:\/\/mundodocarnaval.com.br\/pt_br\/wp-json\/wp\/v2\/users\/1"}],"replies":[{"embeddable":true,"href":"https:\/\/mundodocarnaval.com.br\/pt_br\/wp-json\/wp\/v2\/comments?post=3666"}],"version-history":[{"count":1,"href":"https:\/\/mundodocarnaval.com.br\/pt_br\/wp-json\/wp\/v2\/posts\/3666\/revisions"}],"predecessor-version":[{"id":3668,"href":"https:\/\/mundodocarnaval.com.br\/pt_br\/wp-json\/wp\/v2\/posts\/3666\/revisions\/3668"}],"wp:featuredmedia":[{"embeddable":true,"href":"https:\/\/mundodocarnaval.com.br\/pt_br\/wp-json\/wp\/v2\/media\/3667"}],"wp:attachment":[{"href":"https:\/\/mundodocarnaval.com.br\/pt_br\/wp-json\/wp\/v2\/media?parent=3666"}],"wp:term":[{"taxonomy":"category","embeddable":true,"href":"https:\/\/mundodocarnaval.com.br\/pt_br\/wp-json\/wp\/v2\/categories?post=3666"},{"taxonomy":"post_tag","embeddable":true,"href":"https:\/\/mundodocarnaval.com.br\/pt_br\/wp-json\/wp\/v2\/tags?post=3666"}],"curies":[{"name":"wp","href":"https:\/\/api.w.org\/{rel}","templated":true}]}}