{"id":3672,"date":"2025-10-03T17:36:39","date_gmt":"2025-10-03T20:36:39","guid":{"rendered":"https:\/\/mundodocarnaval.com.br\/?p=3672"},"modified":"2025-10-03T17:36:39","modified_gmt":"2025-10-03T20:36:39","slug":"unidos-do-jacarezinho-inicia-disputa-de-samba-enredo","status":"publish","type":"post","link":"https:\/\/mundodocarnaval.com.br\/pt_br\/unidos-do-jacarezinho-inicia-disputa-de-samba-enredo\/","title":{"rendered":"Unidos do Jacarezinho inicia disputa de samba-enredo"},"content":{"rendered":"<p>Unidos do Jacarezinho inicia disputa de samba-enredo para o Carnaval 2026 nesta sexta-feira<\/p>\n<p>Oito parcerias est\u00e3o no concurso que escolher\u00e1 o hino que vai embalar o desfile sobre Xande de Pilares<\/p>\n<p>A Unidos do Jacarezinho d\u00e1 in\u00edcio nesta sexta-feira \u00e0 disputa de samba-enredo para o Carnaval 2026. A primeira etapa da competi\u00e7\u00e3o contar\u00e1 com a apresenta\u00e7\u00e3o dos oito sambas concorrentes na quadra da agremia\u00e7\u00e3o. Duas obras deixar\u00e3o o concurso. A entrada \u00e9 franca.<\/p>\n<p>A quadra da escola fica localizada na Avenida Dom H\u00e9lder C\u00e2mara n\u00ba 2233 e abrir\u00e1 as suas portas a partir das 21 horas para o pontap\u00e9 oficial do pr\u00f3ximo carnaval. Na abertura da noite, o p\u00fablico ser\u00e1 embalado com uma roda de samba e o tradicional show da rosa e branca, antes da disputa.<\/p>\n<p>O concurso de sambas-enredo ter\u00e1 apenas tr\u00eas datas. A primeira eliminat\u00f3ria acontece na sexta-feira (3), a semifinal no s\u00e1bado (11) e a grande final est\u00e1 marcada para o dia 17 de outubro. A parceria campe\u00e3 ter\u00e1 a sua obra como hino oficial da escola, na volta do Jacarezinho \u00e0 Marqu\u00eas de Sapuca\u00ed, servindo de trilha sonora para o enredo \u201cO ar que se respira agora inspira novos tempos\u201d uma homenagem ao cantor, compositor, ator e filho da comunidade do Jacarezinho, Xande de Pilares. O tema \u00e9 de autoria e desenvolvimento do carnavalesco Bruno Oliveira.<\/p>\n<p>Confira as parcerias concorrentes:<\/p>\n<p>Samba 1 &#8211; Partidinho da Mangueira, Serginho Raiz do Jacar\u00e9, Papai Noel do Leblon, Vit\u00f3ria Gomes, R\u00f4mulo Nazareth e Gilmar Ol\u00edmpio<\/p>\n<p>Samba 2 &#8211; Macambira, A. Campe\u00e3o, Juruna Zona Sul, Waltinho Xavier, L\u00edcio P\u00e1dua, Robinho da Portela, Jorginho PQD e Darlem Chopp Brahma<\/p>\n<p>Samba 03 &#8211; Odmar do Banjo, Jorginho Moreira cia, M\u00e1rcio de Deus, Denis Moraes, Wagner Guerra, Gigi da Estiva, Will do Aconchego e Sandro Compositor<\/p>\n<p>Samba 04 \u2013 Edson Jacar\u00e9, Claudio Vagareza , Fabr\u00edcio Amaral, Cosme Ara\u00fajo, Roxinho, Sidnei Miranda, Nino Smith e Henrique C\u00e9sar<\/p>\n<p>Samba 05 &#8211; Neguinho da Beira, Marcelo Poesia, Bruno Camarote, Hailton Lima, Ricardo Constru\u00e7\u00e3o, Vin\u00edcius Bin Laden, Dudu de Paula e Cristiane Mazarim<\/p>\n<p>Samba 6 &#8211; Paulinho Bandolim, Tomate Show, Rodrigo Jacopetti, Bruno Dallari, Godoi, Guto Cacha\u00e7a, Dod\u00f4 Ananias e Rafa Cria<\/p>\n<p>Samba 7 &#8211; Feij\u00e3o, Carlinho do Sete, Claudinho do Pagode, Andr\u00e9 Damazio e J\u00falio C\u00e9sar<\/p>\n<p>Samba 8 &#8211; Pedrinho da Flor, Karlinhos Madureira, Jorge Matos, Alexandre Cabe\u00e7a, Hugo Rosa, Regiane Guerra, Josemar Manfredini e Alem\u00e3o SP<\/p>\n<p>Todos os sambas concorrentes est\u00e3o dispon\u00edveis no Youtube oficial da agremia\u00e7\u00e3o https:\/\/www.youtube.com\/watch?v=oDVnZ0BKfSA&#038;list=PLDQzUNyguZRK6z3tDnJ9V_aof88GDu8O9<\/p>\n<p>A Unidos do Jacarezinho ser\u00e1 a primeira escola a desfilar na sexta-feira de carnaval, dia 13 de fevereiro pela Liga RJ na S\u00e9rie Ouro em busca do acesso ao Grupo Especial.<\/p>\n<p>Fotos: Gabriel Belmiro<\/p>\n<p>\u00c1udios e letras dos sambas concorrentes &#8211; https:\/\/drive.google.com\/drive\/folders\/1qEnaJOZqmsjxgz4AUyxSfv2-UHXbO_X5?usp=drive_link<\/p>\n","protected":false},"excerpt":{"rendered":"<p>Unidos do Jacarezinho inicia disputa de samba-enredo para o Carnaval 2026 nesta sexta-feira Oito parcerias est\u00e3o no concurso que escolher\u00e1 o hino que vai embalar o desfile sobre Xande de Pilares A Unidos do Jacarezinho d\u00e1 in\u00edcio nesta sexta-feira \u00e0 disputa de samba-enredo para o Carnaval 2026. A primeira etapa da competi\u00e7\u00e3o contar\u00e1 com a [&hellip;]<\/p>\n","protected":false},"author":1,"featured_media":3673,"comment_status":"closed","ping_status":"closed","sticky":false,"template":"","format":"standard","meta":{"footnotes":""},"categories":[13],"tags":[],"class_list":["post-3672","post","type-post","status-publish","format-standard","has-post-thumbnail","hentry","category-fashion"],"_links":{"self":[{"href":"https:\/\/mundodocarnaval.com.br\/pt_br\/wp-json\/wp\/v2\/posts\/3672","targetHints":{"allow":["GET"]}}],"collection":[{"href":"https:\/\/mundodocarnaval.com.br\/pt_br\/wp-json\/wp\/v2\/posts"}],"about":[{"href":"https:\/\/mundodocarnaval.com.br\/pt_br\/wp-json\/wp\/v2\/types\/post"}],"author":[{"embeddable":true,"href":"https:\/\/mundodocarnaval.com.br\/pt_br\/wp-json\/wp\/v2\/users\/1"}],"replies":[{"embeddable":true,"href":"https:\/\/mundodocarnaval.com.br\/pt_br\/wp-json\/wp\/v2\/comments?post=3672"}],"version-history":[{"count":1,"href":"https:\/\/mundodocarnaval.com.br\/pt_br\/wp-json\/wp\/v2\/posts\/3672\/revisions"}],"predecessor-version":[{"id":3674,"href":"https:\/\/mundodocarnaval.com.br\/pt_br\/wp-json\/wp\/v2\/posts\/3672\/revisions\/3674"}],"wp:featuredmedia":[{"embeddable":true,"href":"https:\/\/mundodocarnaval.com.br\/pt_br\/wp-json\/wp\/v2\/media\/3673"}],"wp:attachment":[{"href":"https:\/\/mundodocarnaval.com.br\/pt_br\/wp-json\/wp\/v2\/media?parent=3672"}],"wp:term":[{"taxonomy":"category","embeddable":true,"href":"https:\/\/mundodocarnaval.com.br\/pt_br\/wp-json\/wp\/v2\/categories?post=3672"},{"taxonomy":"post_tag","embeddable":true,"href":"https:\/\/mundodocarnaval.com.br\/pt_br\/wp-json\/wp\/v2\/tags?post=3672"}],"curies":[{"name":"wp","href":"https:\/\/api.w.org\/{rel}","templated":true}]}}