{"id":3675,"date":"2025-10-03T17:45:11","date_gmt":"2025-10-03T20:45:11","guid":{"rendered":"https:\/\/mundodocarnaval.com.br\/?p=3675"},"modified":"2025-10-03T17:45:11","modified_gmt":"2025-10-03T20:45:11","slug":"aprendizes-do-salgueiro-abre-vagas-para-voluntarios","status":"publish","type":"post","link":"https:\/\/mundodocarnaval.com.br\/pt_br\/aprendizes-do-salgueiro-abre-vagas-para-voluntarios\/","title":{"rendered":"Aprendizes do Salgueiro abre vagas para volunt\u00e1rios"},"content":{"rendered":"<p>Aprendizes do Salgueiro abre vagas para volunt\u00e1rios nas \u00e1reas de Fonoaudiologia, Psicologia e Psicopedagogia<\/p>\n<p>A escola mirim Aprendizes do Salgueiro, que atua h\u00e1 seis anos na comunidade do Salgueiro, est\u00e1 com inscri\u00e7\u00f5es abertas para volunt\u00e1rios nas \u00e1reas de Fonoaudiologia, Psicologia e Psicopedagogia. A iniciativa busca refor\u00e7ar o atendimento especializado \u00e0s crian\u00e7as e adolescentes atendidos pelo projeto, que oferece apoio educacional, social e cultural para o desenvolvimento integral dos jovens.<\/p>\n<p>Com a crescente demanda por acompanhamento profissional, o Aprendizes do Salgueiro refor\u00e7a a import\u00e2ncia do trabalho volunt\u00e1rio para garantir o cuidado e o preparo dessas crian\u00e7as para um futuro melhor. Al\u00e9m do v\u00ednculo com a tradicional escola de samba Salgueiro, o projeto \u00e9 uma refer\u00eancia na promo\u00e7\u00e3o de inclus\u00e3o social e desenvolvimento comunit\u00e1rio.<\/p>\n<p>Atualmente, o Aprendizes o Salgueiro oferece mais de 10 oficinas para sua comunidade, entre elas percuss\u00e3o, samba no p\u00e9, refor\u00e7o escolar e ingl\u00eas.. Entre adultos que est\u00e3o sendo alfabetizados, crian\u00e7as at\u00edpicas que recebem atendimento especializado e um ambiente culturalmente rico, est\u00e1 o trabalho dedicado de muitos volunt\u00e1rios que torna tudo isso poss\u00edvel.<\/p>\n<p>Os interessados em colaborar podem enviar seu curr\u00edculo e d\u00favidas para o e-mail: aprendizes@salgueiro.com.br<\/p>\n<p>Foto: Anderson Borde<\/p>\n","protected":false},"excerpt":{"rendered":"<p>Aprendizes do Salgueiro abre vagas para volunt\u00e1rios nas \u00e1reas de Fonoaudiologia, Psicologia e Psicopedagogia A escola mirim Aprendizes do Salgueiro, que atua h\u00e1 seis anos na comunidade do Salgueiro, est\u00e1 com inscri\u00e7\u00f5es abertas para volunt\u00e1rios nas \u00e1reas de Fonoaudiologia, Psicologia e Psicopedagogia. A iniciativa busca refor\u00e7ar o atendimento especializado \u00e0s crian\u00e7as e adolescentes atendidos pelo [&hellip;]<\/p>\n","protected":false},"author":1,"featured_media":3676,"comment_status":"closed","ping_status":"closed","sticky":false,"template":"","format":"standard","meta":{"footnotes":""},"categories":[16],"tags":[],"class_list":["post-3675","post","type-post","status-publish","format-standard","has-post-thumbnail","hentry","category-escolas-mirins"],"_links":{"self":[{"href":"https:\/\/mundodocarnaval.com.br\/pt_br\/wp-json\/wp\/v2\/posts\/3675","targetHints":{"allow":["GET"]}}],"collection":[{"href":"https:\/\/mundodocarnaval.com.br\/pt_br\/wp-json\/wp\/v2\/posts"}],"about":[{"href":"https:\/\/mundodocarnaval.com.br\/pt_br\/wp-json\/wp\/v2\/types\/post"}],"author":[{"embeddable":true,"href":"https:\/\/mundodocarnaval.com.br\/pt_br\/wp-json\/wp\/v2\/users\/1"}],"replies":[{"embeddable":true,"href":"https:\/\/mundodocarnaval.com.br\/pt_br\/wp-json\/wp\/v2\/comments?post=3675"}],"version-history":[{"count":1,"href":"https:\/\/mundodocarnaval.com.br\/pt_br\/wp-json\/wp\/v2\/posts\/3675\/revisions"}],"predecessor-version":[{"id":3677,"href":"https:\/\/mundodocarnaval.com.br\/pt_br\/wp-json\/wp\/v2\/posts\/3675\/revisions\/3677"}],"wp:featuredmedia":[{"embeddable":true,"href":"https:\/\/mundodocarnaval.com.br\/pt_br\/wp-json\/wp\/v2\/media\/3676"}],"wp:attachment":[{"href":"https:\/\/mundodocarnaval.com.br\/pt_br\/wp-json\/wp\/v2\/media?parent=3675"}],"wp:term":[{"taxonomy":"category","embeddable":true,"href":"https:\/\/mundodocarnaval.com.br\/pt_br\/wp-json\/wp\/v2\/categories?post=3675"},{"taxonomy":"post_tag","embeddable":true,"href":"https:\/\/mundodocarnaval.com.br\/pt_br\/wp-json\/wp\/v2\/tags?post=3675"}],"curies":[{"name":"wp","href":"https:\/\/api.w.org\/{rel}","templated":true}]}}