{"id":3681,"date":"2025-10-03T17:56:51","date_gmt":"2025-10-03T20:56:51","guid":{"rendered":"https:\/\/mundodocarnaval.com.br\/?p=3681"},"modified":"2025-10-03T17:56:51","modified_gmt":"2025-10-03T20:56:51","slug":"carlinhos-salgueiro-reforca-a-uniao-de-marica","status":"publish","type":"post","link":"https:\/\/mundodocarnaval.com.br\/pt_br\/carlinhos-salgueiro-reforca-a-uniao-de-marica\/","title":{"rendered":"Carlinhos Salgueiro refor\u00e7a a Uni\u00e3o de Maric\u00e1"},"content":{"rendered":"<p>Carlinhos Salgueiro refor\u00e7a a Uni\u00e3o de Maric\u00e1 como destaque perform\u00e1tico para o Carnaval 2026<br \/>\nArtista multipremiado levar\u00e1 a Ala do Maculel\u00ea para o desfile \u201cBerenguend\u00e9ns e Balangand\u00e3ns\u201d e amplia projeto da escola de valorizar nomes do samba<\/p>\n<p>A Uni\u00e3o de Maric\u00e1 segue refor\u00e7ando sua equipe para o Carnaval 2026 e confirmou, nesta quinta-feira (2), a chegada do artista Carlinhos Salgueiro. Um dos nomes mais respeitados do samba, ele ser\u00e1 destaque perform\u00e1tico do desfile \u201cBerenguend\u00e9ns e Balangand\u00e3ns\u201d e levar\u00e1 para a Avenida a consagrada Ala do Maculel\u00ea, prometendo abrilhantar ainda mais a apresenta\u00e7\u00e3o da escola na S\u00e9rie Ouro.<\/p>\n<p>Carlinhos Salgueiro construiu uma carreira s\u00f3lida no carnaval e no samba, com passagens marcantes no Brasil e no exterior. No \u00faltimo carnaval, venceu o Estandarte de Ouro de Melhor Ala de Passistas pela Academia do Samba, al\u00e9m de ter conquistado ao longo da trajet\u00f3ria pr\u00eamios como Samba Net, Pr\u00eamio Jorge Lafond, dentre outros.<\/p>\n<p>Nascido na comunidade do Andara\u00ed, no Rio de Janeiro, Carlinhos \u00e9 diretor art\u00edstico do Salgueiro. Fora da Sapuca\u00ed, sua carreira internacional tamb\u00e9m \u00e9 refer\u00eancia: foi coroado Rei da Folia em Londres, eleito Rei do Samba na Austr\u00e1lia, recebeu na Alemanha o t\u00edtulo de Embaixador do Samba Internacional, al\u00e9m de j\u00e1 ter brilhado na Su\u00ed\u00e7a, na Argentina e, mais recentemente, no Carnaval de Hollywood. Professor de dan\u00e7a, j\u00e1 ministrou workshops em 37 pa\u00edses e criou o m\u00e9todo Samba Diva, utilizado por professores de samba no mundo inteiro. Ele comentou sobre a oportunidade de integrar a escola maricaense, refletindo tamb\u00e9m sobre como a arte transformou a sua vida:<\/p>\n<p>\u201cNunca imaginei que o samba fosse me levar a conhecer o mundo e me transformar em refer\u00eancia. Era um sonho e hoje \u00e9 realidade. Nasci no Andara\u00ed e levo minhas ra\u00edzes em tudo o que fa\u00e7o. Hoje, poder trabalhar com o Leandro Vieira \u00e9 um presente, pois considero ele um g\u00eanio da nova gera\u00e7\u00e3o. Quero agradecer \u00e0 presid\u00eancia da Uni\u00e3o de Maric\u00e1 pela confian\u00e7a e dizer que vem a\u00ed um grande projeto, que vai marcar o carnaval\u201d, garantiu o sambista.<\/p>\n<p>A chegada de Carlinhos se soma ao projeto da Uni\u00e3o de Maric\u00e1 de valorizar as pessoas do carnaval. A escola j\u00e1 conta com a rainha de bateria Rayane Dumont, a musa da comunidade Aninha Estrela e a rec\u00e9m-convidada Thay Rodrigues como musa, refor\u00e7ando a presen\u00e7a de nomes ligados ao samba em seu elenco.<\/p>\n<p>Em 2026, a Uni\u00e3o de Maric\u00e1 ser\u00e1 a sexta escola a desfilar no dia 14 de fevereiro, na Marqu\u00eas de Sapuca\u00ed, pela S\u00e9rie Ouro.<\/p>\n<p>Fotos: Ney Junior<\/p>\n","protected":false},"excerpt":{"rendered":"<p>Carlinhos Salgueiro refor\u00e7a a Uni\u00e3o de Maric\u00e1 como destaque perform\u00e1tico para o Carnaval 2026 Artista multipremiado levar\u00e1 a Ala do Maculel\u00ea para o desfile \u201cBerenguend\u00e9ns e Balangand\u00e3ns\u201d e amplia projeto da escola de valorizar nomes do samba A Uni\u00e3o de Maric\u00e1 segue refor\u00e7ando sua equipe para o Carnaval 2026 e confirmou, nesta quinta-feira (2), a [&hellip;]<\/p>\n","protected":false},"author":1,"featured_media":3682,"comment_status":"closed","ping_status":"closed","sticky":false,"template":"","format":"standard","meta":{"footnotes":""},"categories":[13],"tags":[],"class_list":["post-3681","post","type-post","status-publish","format-standard","has-post-thumbnail","hentry","category-fashion"],"_links":{"self":[{"href":"https:\/\/mundodocarnaval.com.br\/pt_br\/wp-json\/wp\/v2\/posts\/3681","targetHints":{"allow":["GET"]}}],"collection":[{"href":"https:\/\/mundodocarnaval.com.br\/pt_br\/wp-json\/wp\/v2\/posts"}],"about":[{"href":"https:\/\/mundodocarnaval.com.br\/pt_br\/wp-json\/wp\/v2\/types\/post"}],"author":[{"embeddable":true,"href":"https:\/\/mundodocarnaval.com.br\/pt_br\/wp-json\/wp\/v2\/users\/1"}],"replies":[{"embeddable":true,"href":"https:\/\/mundodocarnaval.com.br\/pt_br\/wp-json\/wp\/v2\/comments?post=3681"}],"version-history":[{"count":1,"href":"https:\/\/mundodocarnaval.com.br\/pt_br\/wp-json\/wp\/v2\/posts\/3681\/revisions"}],"predecessor-version":[{"id":3683,"href":"https:\/\/mundodocarnaval.com.br\/pt_br\/wp-json\/wp\/v2\/posts\/3681\/revisions\/3683"}],"wp:featuredmedia":[{"embeddable":true,"href":"https:\/\/mundodocarnaval.com.br\/pt_br\/wp-json\/wp\/v2\/media\/3682"}],"wp:attachment":[{"href":"https:\/\/mundodocarnaval.com.br\/pt_br\/wp-json\/wp\/v2\/media?parent=3681"}],"wp:term":[{"taxonomy":"category","embeddable":true,"href":"https:\/\/mundodocarnaval.com.br\/pt_br\/wp-json\/wp\/v2\/categories?post=3681"},{"taxonomy":"post_tag","embeddable":true,"href":"https:\/\/mundodocarnaval.com.br\/pt_br\/wp-json\/wp\/v2\/tags?post=3681"}],"curies":[{"name":"wp","href":"https:\/\/api.w.org\/{rel}","templated":true}]}}