{"id":3684,"date":"2025-10-03T18:01:49","date_gmt":"2025-10-03T21:01:49","guid":{"rendered":"https:\/\/mundodocarnaval.com.br\/?p=3684"},"modified":"2025-10-03T18:01:50","modified_gmt":"2025-10-03T21:01:50","slug":"paraiso-do-tuiuti-realiza-audicao-para-comissao-de-frente","status":"publish","type":"post","link":"https:\/\/mundodocarnaval.com.br\/pt_br\/paraiso-do-tuiuti-realiza-audicao-para-comissao-de-frente\/","title":{"rendered":"Para\u00edso do Tuiuti realiza audi\u00e7\u00e3o para comiss\u00e3o de frente"},"content":{"rendered":"<p>Para\u00edso do Tuiuti realiza audi\u00e7\u00e3o para comiss\u00e3o de frente<\/p>\n<p>O Para\u00edso do Tuiuti realiza no pr\u00f3ximo dia 8 de outubro audi\u00e7\u00e3o para a comiss\u00e3o de frente do desfile de 2026. O core\u00f3grafo David Lima ir\u00e1 selecionar homens e mulheres que defender\u00e3o o quesito no enredo \u201cLon\u00e3 If\u00e1 Lukumi\u201d sobre uma vertente religiosa afro-cubana que vem sendo redescoberta no Brasil.<\/p>\n<p>A sele\u00e7\u00e3o ocorrer\u00e1 no barrac\u00e3o da agremia\u00e7\u00e3o, na Cidade do Samba. \u00c9 exigido que os interessados tenham experi\u00eancia em dan\u00e7a, teatro, comprometimento e disponibilidade para ensaios.<\/p>\n<p>&#8220;H\u00e1 muita gente talentosa nos palcos e queremos dar oportunidade para todos. N\u00e3o teremos um limite de idade durante a sele\u00e7\u00e3o&#8221;, explica David, que faz a estreia na agremia\u00e7\u00e3o de S\u00e3o Crist\u00f3v\u00e3o.<\/p>\n<p>A azul e amarela ser\u00e1 a primeira a desfilar na ter\u00e7a-feira de carnaval.<\/p>\n<p>Foto do David Lima: Gipe Produ\u00e7\u00e3o\/Divulga\u00e7\u00e3o<br \/>\nFoto Comiss\u00e3o de Frente 2024: Flickr Riotur<\/p>\n<p>Servi\u00e7o:<br \/>\nAudi\u00e7\u00e3o para comiss\u00e3o de frente do Tuiuti de 2026<br \/>\nData: 8 de outubro de 2025<br \/>\nHora: 20h<br \/>\nLocal: Cidade do Samba \u2013 Barrac\u00e3o do Para\u00edso do Tuiuti<\/p>\n","protected":false},"excerpt":{"rendered":"<p>Para\u00edso do Tuiuti realiza audi\u00e7\u00e3o para comiss\u00e3o de frente O Para\u00edso do Tuiuti realiza no pr\u00f3ximo dia 8 de outubro audi\u00e7\u00e3o para a comiss\u00e3o de frente do desfile de 2026. O core\u00f3grafo David Lima ir\u00e1 selecionar homens e mulheres que defender\u00e3o o quesito no enredo \u201cLon\u00e3 If\u00e1 Lukumi\u201d sobre uma vertente religiosa afro-cubana que vem [&hellip;]<\/p>\n","protected":false},"author":1,"featured_media":3685,"comment_status":"closed","ping_status":"closed","sticky":false,"template":"","format":"standard","meta":{"footnotes":""},"categories":[12],"tags":[],"class_list":["post-3684","post","type-post","status-publish","format-standard","has-post-thumbnail","hentry","category-grupo-especial"],"_links":{"self":[{"href":"https:\/\/mundodocarnaval.com.br\/pt_br\/wp-json\/wp\/v2\/posts\/3684","targetHints":{"allow":["GET"]}}],"collection":[{"href":"https:\/\/mundodocarnaval.com.br\/pt_br\/wp-json\/wp\/v2\/posts"}],"about":[{"href":"https:\/\/mundodocarnaval.com.br\/pt_br\/wp-json\/wp\/v2\/types\/post"}],"author":[{"embeddable":true,"href":"https:\/\/mundodocarnaval.com.br\/pt_br\/wp-json\/wp\/v2\/users\/1"}],"replies":[{"embeddable":true,"href":"https:\/\/mundodocarnaval.com.br\/pt_br\/wp-json\/wp\/v2\/comments?post=3684"}],"version-history":[{"count":1,"href":"https:\/\/mundodocarnaval.com.br\/pt_br\/wp-json\/wp\/v2\/posts\/3684\/revisions"}],"predecessor-version":[{"id":3686,"href":"https:\/\/mundodocarnaval.com.br\/pt_br\/wp-json\/wp\/v2\/posts\/3684\/revisions\/3686"}],"wp:featuredmedia":[{"embeddable":true,"href":"https:\/\/mundodocarnaval.com.br\/pt_br\/wp-json\/wp\/v2\/media\/3685"}],"wp:attachment":[{"href":"https:\/\/mundodocarnaval.com.br\/pt_br\/wp-json\/wp\/v2\/media?parent=3684"}],"wp:term":[{"taxonomy":"category","embeddable":true,"href":"https:\/\/mundodocarnaval.com.br\/pt_br\/wp-json\/wp\/v2\/categories?post=3684"},{"taxonomy":"post_tag","embeddable":true,"href":"https:\/\/mundodocarnaval.com.br\/pt_br\/wp-json\/wp\/v2\/tags?post=3684"}],"curies":[{"name":"wp","href":"https:\/\/api.w.org\/{rel}","templated":true}]}}