{"id":3695,"date":"2025-10-11T01:05:13","date_gmt":"2025-10-11T04:05:13","guid":{"rendered":"https:\/\/mundodocarnaval.com.br\/?p=3695"},"modified":"2025-10-11T01:05:13","modified_gmt":"2025-10-11T04:05:13","slug":"lins-imperial-ja-tem-samba-enredo","status":"publish","type":"post","link":"https:\/\/mundodocarnaval.com.br\/pt_br\/lins-imperial-ja-tem-samba-enredo\/","title":{"rendered":"Lins Imperial j\u00e1 tem samba-enredo"},"content":{"rendered":"<p>Lins Imperial j\u00e1 tem samba-enredo para o Carnaval 2026<\/p>\n<p>Parceria de Paulo C\u00e9sar Feital \u00e9 a grande campe\u00e3<\/p>\n<p>A Lins Imperial definiu na madrugada deste domingo o seu samba-enredo para o Carnaval 2026. Com cinco sambas na final, a parceria dos compositores Paulo C\u00e9sar Feital, Marcelo Tricolor, Sidney S\u00e1, Jo\u00e3o Neto, Telmo Augusto, Dinny da Vila, Argentina Caetano, Gilsinho da Vila e Ricardinho Professor sagrou-se a grande campe\u00e3 da disputa. Cerca de mil pessoas lotaram a quadra da escola no Lins, Zona Norte do Rio para acompanhar a grande final.<\/p>\n<p>Em 2026, a Lins Imperial exaltar\u00e1 as \u00e1guas cristalinas de Cachoeiras de Macacu em seu enredo, na busca ao retorno \u00e0 Marqu\u00eas de Sapuca\u00ed. A escola realizou a grande festa com a quadra completamente lotada  e comunidade presente. Tamb\u00e9m estiveram presentes autoridades de Cachoeiras de Macacu representadas pelo Secret\u00e1rio de Cultura Lucas Bueno. A cidade est\u00e1 acompanhando de perto toda a cria\u00e7\u00e3o do carnaval da agremia\u00e7\u00e3o. <\/p>\n<p>A verde e rosa do Lins inovou e fez a leitura dos votos no palco para todos os presentes. Representantes dos segmentos e diretoria definiram por voto a obra que ser\u00e1 cantada no desfile da agremia\u00e7\u00e3o, no domingo de carnaval, 15 de fevereiro, na Intendente Magalh\u00e3es pela S\u00e9rie Prata.<\/p>\n<p>A festa come\u00e7ou cedo, a partir das 18 horas a escola recebeu o p\u00fablico com os grandes sucessos da hist\u00f3ria do carnaval cantados pela ala musical. Na sequ\u00eancia, um esquenta com uma passada de cada parceria finalista na voz dos int\u00e9rpretes oficiais da casa. Em seguida, foi a vez do tradicional show da escola, conduzido pelos int\u00e9rpretes Ciganerey e Pedro Vapor acompanhados da bateria Verdadeira Furiosa. S\u00edmbolos maiores da entidade, os pavilh\u00f5es foram conduzidos com talento e eleg\u00e2ncia pelos casais de mestre-sala e porta-bandeira Jackson Senhorinho e Manoela Cardoso e, R\u00f4mulo Diniz e Duda Calv\u00e3o. Os passistas da casa prepararam uma apresenta\u00e7\u00e3o especial para a grande noite que acabou \u00e0s 2 da manh\u00e3.<\/p>\n<p>Confira a letra do samba da Lins Imperial para o pr\u00f3ximo carnaval:<\/p>\n<p>\u00c9 DEUS QUEM TRA\u00c7A O DESTINO DAS \u00c1GUAS SOB A LUZ DO CRUZEIRO DO SUL<br \/>\nVEM DO SEU PRANTO AS L\u00c1GRIMAS FARTAS<br \/>\nDAS FONTES QUIZANGAS DE MACACU<br \/>\nNA REALEZA DE OX\u00d3SSI,<br \/>\nOS TRA\u00c7OS DA NATUREZA<br \/>\nNA COMUNIDADE, A NOBREZA DE ORUM! PURIS SE AJUSTAM NA SERRA<br \/>\nOS BANTUS CULTURA E BELEZA MITOLOGIA QUE VEM DE OLORUM!<\/p>\n<p>NA PROCISS\u00c3O, O SOM DO IJEX\u00c1 FAZ ECOAR OS RIOS E CORREDEIRAS<br \/>\nPOVO D\u2019OXUM, MANTENDO A DEVO\u00c7\u00c3O AX\u00c9 DE OD\u00c9, ORA\u00c7\u00c3O DAS BENZEDEIRAS<br \/>\nREZA A LENDA QUE NASCERAM AS CACHOEIRAS DE UMA HIST\u00d3RIA IND\u00cdGENA, DE AMOR<br \/>\nDAS \u00c1GUAS CRISTALINAS RENASCEM A FAUNA E FLORA<br \/>\nCOMO O CANTAR DOS SABI\u00c1S&#8230; E O IMPONENTE JEQUITIB\u00c1 VENTRE QUE PRODUZ A FECUNDA\u00c7\u00c3O<\/p>\n<p>DOS POVOS ORIGIN\u00c1RIOS<br \/>\nTRAZEM ALIMENTOS, AS ERVAS QUE CURAM RIBEIRINHOS FAZEM O SOLO FLORESCER<br \/>\nAS \u00c1GUAS JAMAIS PODEM ADOECER<\/p>\n<p>E NESTE CARNAVAL, EU VOU TE SEDUZIR DIVINA F\u00c9, FEITO UM RITUAL<br \/>\nVOU MERGULHAR E ME BANHAR DE VERDE E ROSA LAVAR A ALMA COM A LINS IMPERIAL<\/p>\n<p>O enredo da Lins Imperial para o Carnaval 2026 \u00e9 \u201cMacacu \u2014 No caminho das \u00e1guas cristalinas, reflete a alma da cria\u00e7\u00e3o\u201d e ser\u00e1 desenvolvido pela dupla de carnavalescos Agnaldo Correia e Edgley Cunha.<\/p>\n<p>Fotos: Hudson Freitas \u2013 S1 Fotografias<\/p>\n<p>\u00c1udio, letra e imagens da festa: https:\/\/drive.google.com\/drive\/folders\/1UdAMMxfAqqfaEJk9DXfeSwDuZ-caeRby?usp=sharing <\/p>\n","protected":false},"excerpt":{"rendered":"<p>Lins Imperial j\u00e1 tem samba-enredo para o Carnaval 2026 Parceria de Paulo C\u00e9sar Feital \u00e9 a grande campe\u00e3 A Lins Imperial definiu na madrugada deste domingo o seu samba-enredo para o Carnaval 2026. Com cinco sambas na final, a parceria dos compositores Paulo C\u00e9sar Feital, Marcelo Tricolor, Sidney S\u00e1, Jo\u00e3o Neto, Telmo Augusto, Dinny da [&hellip;]<\/p>\n","protected":false},"author":1,"featured_media":3696,"comment_status":"closed","ping_status":"closed","sticky":false,"template":"","format":"standard","meta":{"footnotes":""},"categories":[14],"tags":[],"class_list":["post-3695","post","type-post","status-publish","format-standard","has-post-thumbnail","hentry","category-gadgets"],"_links":{"self":[{"href":"https:\/\/mundodocarnaval.com.br\/pt_br\/wp-json\/wp\/v2\/posts\/3695","targetHints":{"allow":["GET"]}}],"collection":[{"href":"https:\/\/mundodocarnaval.com.br\/pt_br\/wp-json\/wp\/v2\/posts"}],"about":[{"href":"https:\/\/mundodocarnaval.com.br\/pt_br\/wp-json\/wp\/v2\/types\/post"}],"author":[{"embeddable":true,"href":"https:\/\/mundodocarnaval.com.br\/pt_br\/wp-json\/wp\/v2\/users\/1"}],"replies":[{"embeddable":true,"href":"https:\/\/mundodocarnaval.com.br\/pt_br\/wp-json\/wp\/v2\/comments?post=3695"}],"version-history":[{"count":1,"href":"https:\/\/mundodocarnaval.com.br\/pt_br\/wp-json\/wp\/v2\/posts\/3695\/revisions"}],"predecessor-version":[{"id":3697,"href":"https:\/\/mundodocarnaval.com.br\/pt_br\/wp-json\/wp\/v2\/posts\/3695\/revisions\/3697"}],"wp:featuredmedia":[{"embeddable":true,"href":"https:\/\/mundodocarnaval.com.br\/pt_br\/wp-json\/wp\/v2\/media\/3696"}],"wp:attachment":[{"href":"https:\/\/mundodocarnaval.com.br\/pt_br\/wp-json\/wp\/v2\/media?parent=3695"}],"wp:term":[{"taxonomy":"category","embeddable":true,"href":"https:\/\/mundodocarnaval.com.br\/pt_br\/wp-json\/wp\/v2\/categories?post=3695"},{"taxonomy":"post_tag","embeddable":true,"href":"https:\/\/mundodocarnaval.com.br\/pt_br\/wp-json\/wp\/v2\/tags?post=3695"}],"curies":[{"name":"wp","href":"https:\/\/api.w.org\/{rel}","templated":true}]}}