{"id":3701,"date":"2025-10-11T01:41:22","date_gmt":"2025-10-11T04:41:22","guid":{"rendered":"https:\/\/mundodocarnaval.com.br\/?p=3701"},"modified":"2025-10-11T01:41:22","modified_gmt":"2025-10-11T04:41:22","slug":"uniao-de-marica-realiza-feijoada-no-sabado-11","status":"publish","type":"post","link":"https:\/\/mundodocarnaval.com.br\/pt_br\/uniao-de-marica-realiza-feijoada-no-sabado-11\/","title":{"rendered":"Uni\u00e3o de Maric\u00e1 realiza feijoada no s\u00e1bado (11)"},"content":{"rendered":"<p>Uni\u00e3o de Maric\u00e1 realiza feijoada no s\u00e1bado (11) com Salgueiro, Imp\u00e9rio Serrano e Os Puxadores do Samba<br \/>\nEvento tamb\u00e9m marca o in\u00edcio dos ensaios da comunidade rumo ao Carnaval 2026<\/p>\n<p>O pr\u00f3ximo s\u00e1bado (11) promete ser de muita anima\u00e7\u00e3o e reencontros na quadra da Uni\u00e3o de Maric\u00e1. A partir das 13h, a escola abre as portas para a Feijoada da Maric\u00e1, que ter\u00e1 um sabor ainda mais especial com o pontap\u00e9 inicial dos ensaios de comunidade rumo ao Carnaval 2026. O evento contar\u00e1 com entrada solid\u00e1ria mediante doa\u00e7\u00e3o de 1kg de alimento n\u00e3o perec\u00edvel.<\/p>\n<p>A programa\u00e7\u00e3o ser\u00e1 marcada por grandes atra\u00e7\u00f5es. O Salgueiro e o Imp\u00e9rio Serrano participar\u00e3o da festa, levando seus grandes cl\u00e1ssicos \u00e0 cidade. O grupo Os Puxadores do Samba ser\u00e1 respons\u00e1vel por comandar um show repleto de sambas-enredo que marcaram \u00e9poca, com os int\u00e9rpretes Wantuir, Marquinhos Art&#8217;Samba, Bruno Ribas, Tinga e Serginho do Porto.<\/p>\n<p>Al\u00e9m da boa m\u00fasica, o p\u00fablico poder\u00e1 saborear a tradicional feijoada, servida ao valor de R$ 40,00. As mesas ser\u00e3o gratuitas, mas limitadas e distribu\u00eddas por ordem de chegada.<\/p>\n<p>Em 2026, a escola ser\u00e1 a sexta a desfilar no s\u00e1bado, 14 de fevereiro, pela S\u00e9rie Ouro, com o enredo \u201cBerenguend\u00e9ns e Balagand\u00e3ns\u201d, desenvolvido pelo carnavalesco Leandro Vieira.<\/p>\n<p>Servi\u00e7o:<\/p>\n<p>Feijoada da Maric\u00e1<br \/>\nData: 11 de outubro (s\u00e1bado)<br \/>\nHor\u00e1rio de in\u00edcio: 13h<br \/>\nEndere\u00e7o: Rodovia Amaral Peixoto, 29024 &#8211; Centro de Maric\u00e1<br \/>\nAtra\u00e7\u00f5es: Os Puxadores do Samba, Salgueiro e Imp\u00e9rio Serrano<br \/>\nEntrada solid\u00e1ria: 1kg de alimento n\u00e3o perec\u00edvel<br \/>\nFeijoada: R$ 40,00<br \/>\nMesas: Gratuitas (limitadas por ordem de chegada)<\/p>\n<p>Fotos: Leandro Andrade<\/p>\n","protected":false},"excerpt":{"rendered":"<p>Uni\u00e3o de Maric\u00e1 realiza feijoada no s\u00e1bado (11) com Salgueiro, Imp\u00e9rio Serrano e Os Puxadores do Samba Evento tamb\u00e9m marca o in\u00edcio dos ensaios da comunidade rumo ao Carnaval 2026 O pr\u00f3ximo s\u00e1bado (11) promete ser de muita anima\u00e7\u00e3o e reencontros na quadra da Uni\u00e3o de Maric\u00e1. A partir das 13h, a escola abre as [&hellip;]<\/p>\n","protected":false},"author":1,"featured_media":3702,"comment_status":"closed","ping_status":"closed","sticky":false,"template":"","format":"standard","meta":{"footnotes":""},"categories":[13],"tags":[],"class_list":["post-3701","post","type-post","status-publish","format-standard","has-post-thumbnail","hentry","category-fashion"],"_links":{"self":[{"href":"https:\/\/mundodocarnaval.com.br\/pt_br\/wp-json\/wp\/v2\/posts\/3701","targetHints":{"allow":["GET"]}}],"collection":[{"href":"https:\/\/mundodocarnaval.com.br\/pt_br\/wp-json\/wp\/v2\/posts"}],"about":[{"href":"https:\/\/mundodocarnaval.com.br\/pt_br\/wp-json\/wp\/v2\/types\/post"}],"author":[{"embeddable":true,"href":"https:\/\/mundodocarnaval.com.br\/pt_br\/wp-json\/wp\/v2\/users\/1"}],"replies":[{"embeddable":true,"href":"https:\/\/mundodocarnaval.com.br\/pt_br\/wp-json\/wp\/v2\/comments?post=3701"}],"version-history":[{"count":1,"href":"https:\/\/mundodocarnaval.com.br\/pt_br\/wp-json\/wp\/v2\/posts\/3701\/revisions"}],"predecessor-version":[{"id":3703,"href":"https:\/\/mundodocarnaval.com.br\/pt_br\/wp-json\/wp\/v2\/posts\/3701\/revisions\/3703"}],"wp:featuredmedia":[{"embeddable":true,"href":"https:\/\/mundodocarnaval.com.br\/pt_br\/wp-json\/wp\/v2\/media\/3702"}],"wp:attachment":[{"href":"https:\/\/mundodocarnaval.com.br\/pt_br\/wp-json\/wp\/v2\/media?parent=3701"}],"wp:term":[{"taxonomy":"category","embeddable":true,"href":"https:\/\/mundodocarnaval.com.br\/pt_br\/wp-json\/wp\/v2\/categories?post=3701"},{"taxonomy":"post_tag","embeddable":true,"href":"https:\/\/mundodocarnaval.com.br\/pt_br\/wp-json\/wp\/v2\/tags?post=3701"}],"curies":[{"name":"wp","href":"https:\/\/api.w.org\/{rel}","templated":true}]}}