{"id":3707,"date":"2025-10-11T02:09:06","date_gmt":"2025-10-11T05:09:06","guid":{"rendered":"https:\/\/mundodocarnaval.com.br\/?p=3707"},"modified":"2025-10-11T02:09:07","modified_gmt":"2025-10-11T05:09:07","slug":"botafogo-samba-clube-lancara-samba-enredo","status":"publish","type":"post","link":"https:\/\/mundodocarnaval.com.br\/pt_br\/botafogo-samba-clube-lancara-samba-enredo\/","title":{"rendered":"Botafogo Samba Clube lan\u00e7ar\u00e1 samba-enredo"},"content":{"rendered":"<p>Botafogo Samba Clube lan\u00e7ar\u00e1 samba-enredo de 2026 em feijoada com coirm\u00e3s neste s\u00e1bado, 11<\/p>\n<p>A Botafogo Samba Clube promove, no pr\u00f3ximo s\u00e1bado, dia 11 de outubro, \u00e0s 13h, a Feijoada da escola, evento que marcar\u00e1 a apresenta\u00e7\u00e3o oficial da equipe e do samba-enredo para o Carnaval 2026. A confraterniza\u00e7\u00e3o acontecer\u00e1 na quadra da Dif\u00edcil \u00e9 o Nome, localizada na Avenida Dom H\u00e9lder C\u00e2mara, 6990, em Pilares, e promete reunir sambistas, torcedores e apaixonados pela agremia\u00e7\u00e3o alvinegra.<\/p>\n<p>Al\u00e9m da tradicional feijoada, o encontro contar\u00e1 com roda de samba comandada pelo grupo Pagode do Caramelo e a presen\u00e7a de escolas convidadas, entre elas Imp\u00e9rio Serrano, Unidos de Padre Miguel e Porto da Pedra, que prometem abrilhantar ainda mais a festa. Os ingressos j\u00e1 est\u00e3o dispon\u00edveis para venda pelo Sympla (link aqui) e d\u00e3o direito a um prato de feijoada e um copo do evento.<\/p>\n<p>Segundo a diretoria, a feijoada ser\u00e1 um momento de celebra\u00e7\u00e3o e uni\u00e3o da comunidade alvinegra. \u201cA Botafogo Samba Clube vem crescendo a cada ano, e esse evento simboliza o in\u00edcio de mais um ciclo de conquistas. Estreamos na Sapuca\u00ed, e isso deu ainda mais g\u00e1s aos nossos componentes e torcedores. Esse lan\u00e7amento para 2026 \u00e9 o nosso pontap\u00e9 inicial para mais um grande ano no Samb\u00f3dromo\u201d, destacou o presidente Sandro Lima.<\/p>\n<p>Com o tema \u201cO Brasil que floresce em arte\u201d, a Botafogo Samba Clube prepara um desfile que ser\u00e1 uma grande homenagem ao legado de Roberto Burle Marx, mestre do paisagismo e das artes visuais. O enredo ser\u00e1 desenvolvido pelos carnavalescos Alexandre Rangel e Raphael Torres, que far\u00e3o sua estreia na agremia\u00e7\u00e3o alvinegra no pr\u00f3ximo ano.<\/p>\n<p>Fotos Botafogo &#8211; @bycintiamello<br \/>\nFotos Nego &#8211; Divulga\u00e7\u00e3o<\/p>\n","protected":false},"excerpt":{"rendered":"<p>Botafogo Samba Clube lan\u00e7ar\u00e1 samba-enredo de 2026 em feijoada com coirm\u00e3s neste s\u00e1bado, 11 A Botafogo Samba Clube promove, no pr\u00f3ximo s\u00e1bado, dia 11 de outubro, \u00e0s 13h, a Feijoada da escola, evento que marcar\u00e1 a apresenta\u00e7\u00e3o oficial da equipe e do samba-enredo para o Carnaval 2026. A confraterniza\u00e7\u00e3o acontecer\u00e1 na quadra da Dif\u00edcil \u00e9 [&hellip;]<\/p>\n","protected":false},"author":1,"featured_media":3708,"comment_status":"closed","ping_status":"closed","sticky":false,"template":"","format":"standard","meta":{"footnotes":""},"categories":[13],"tags":[],"class_list":["post-3707","post","type-post","status-publish","format-standard","has-post-thumbnail","hentry","category-fashion"],"_links":{"self":[{"href":"https:\/\/mundodocarnaval.com.br\/pt_br\/wp-json\/wp\/v2\/posts\/3707","targetHints":{"allow":["GET"]}}],"collection":[{"href":"https:\/\/mundodocarnaval.com.br\/pt_br\/wp-json\/wp\/v2\/posts"}],"about":[{"href":"https:\/\/mundodocarnaval.com.br\/pt_br\/wp-json\/wp\/v2\/types\/post"}],"author":[{"embeddable":true,"href":"https:\/\/mundodocarnaval.com.br\/pt_br\/wp-json\/wp\/v2\/users\/1"}],"replies":[{"embeddable":true,"href":"https:\/\/mundodocarnaval.com.br\/pt_br\/wp-json\/wp\/v2\/comments?post=3707"}],"version-history":[{"count":1,"href":"https:\/\/mundodocarnaval.com.br\/pt_br\/wp-json\/wp\/v2\/posts\/3707\/revisions"}],"predecessor-version":[{"id":3709,"href":"https:\/\/mundodocarnaval.com.br\/pt_br\/wp-json\/wp\/v2\/posts\/3707\/revisions\/3709"}],"wp:featuredmedia":[{"embeddable":true,"href":"https:\/\/mundodocarnaval.com.br\/pt_br\/wp-json\/wp\/v2\/media\/3708"}],"wp:attachment":[{"href":"https:\/\/mundodocarnaval.com.br\/pt_br\/wp-json\/wp\/v2\/media?parent=3707"}],"wp:term":[{"taxonomy":"category","embeddable":true,"href":"https:\/\/mundodocarnaval.com.br\/pt_br\/wp-json\/wp\/v2\/categories?post=3707"},{"taxonomy":"post_tag","embeddable":true,"href":"https:\/\/mundodocarnaval.com.br\/pt_br\/wp-json\/wp\/v2\/tags?post=3707"}],"curies":[{"name":"wp","href":"https:\/\/api.w.org\/{rel}","templated":true}]}}