{"id":3713,"date":"2025-10-11T02:28:07","date_gmt":"2025-10-11T05:28:07","guid":{"rendered":"https:\/\/mundodocarnaval.com.br\/?p=3713"},"modified":"2025-10-11T02:33:08","modified_gmt":"2025-10-11T05:33:08","slug":"janja-visita-o-barracao-da-academicos-de-niteroi","status":"publish","type":"post","link":"https:\/\/mundodocarnaval.com.br\/pt_br\/janja-visita-o-barracao-da-academicos-de-niteroi\/","title":{"rendered":"Janja visita o barrac\u00e3o da Acad\u00eamicos de Niter\u00f3i"},"content":{"rendered":"<p>Janja visita o barrac\u00e3o da Acad\u00eamicos de Niter\u00f3i e confirma presen\u00e7a no desfile na Marqu\u00eas de Sapuca\u00ed<\/p>\n<p>A Acad\u00eamicos de Niter\u00f3i iniciou a semana com uma visita mais do que especial. A primeira-dama do pa\u00eds, Janja, esteve presente no barrac\u00e3o da escola, na Cidade do Samba, na manh\u00e3 desta segunda-feira (6). Durante o encontro, Janja conheceu o projeto da escola e confirmou presen\u00e7a no desfile, que homenagear\u00e1 o presidente Lula na Marqu\u00eas de Sapuca\u00ed em 2026.<\/p>\n<p>Recebida pelo presidente Wallace Palhares e pela primeira-dama da escola, Amanda Palhares, Janja conheceu todo o local onde ser\u00e1 desenvolvido o carnaval de 2026 e acompanhou os bastidores da confec\u00e7\u00e3o de fantasias e alegorias. Diretamente do carnavalesco Tiago Martins e do enredista Igor Ricardo, conheceu os detalhes do enredo e da homenagem que est\u00e1 sendo preparada.<\/p>\n<p>A visita tamb\u00e9m contou com presen\u00e7as como Anielle Franco, Ministra da Igualdade Racial; Luciana Santos, Ministra da Ci\u00eancia, Tecnologia e Inova\u00e7\u00e3o, Elmo Jos\u00e9, Diretor de Carnaval da Liesa, Marcos Vinicius, Prefeito da Cidade do Samba e do carnavalesco Milton Cunha.<\/p>\n<p>Com o enredo \u201cDo Alto do Mulungu surge a esperan\u00e7a: Lula, o oper\u00e1rio do Brasil\u201d, a Acad\u00eamicos de Niter\u00f3i abrir\u00e1 os desfiles do Grupo Especial na Marqu\u00eas de Sapuca\u00ed, no domingo, 15 de fevereiro.<\/p>\n<p>Fotos: S1 Fotografia\/ Divulga\u00e7\u00e3o Gardel Assessoria<\/p>\n","protected":false},"excerpt":{"rendered":"<p>Janja visita o barrac\u00e3o da Acad\u00eamicos de Niter\u00f3i e confirma presen\u00e7a no desfile na Marqu\u00eas de Sapuca\u00ed A Acad\u00eamicos de Niter\u00f3i iniciou a semana com uma visita mais do que especial. A primeira-dama do pa\u00eds, Janja, esteve presente no barrac\u00e3o da escola, na Cidade do Samba, na manh\u00e3 desta segunda-feira (6). Durante o encontro, Janja [&hellip;]<\/p>\n","protected":false},"author":1,"featured_media":3716,"comment_status":"closed","ping_status":"closed","sticky":false,"template":"","format":"standard","meta":{"footnotes":""},"categories":[12],"tags":[],"class_list":["post-3713","post","type-post","status-publish","format-standard","has-post-thumbnail","hentry","category-grupo-especial"],"_links":{"self":[{"href":"https:\/\/mundodocarnaval.com.br\/pt_br\/wp-json\/wp\/v2\/posts\/3713","targetHints":{"allow":["GET"]}}],"collection":[{"href":"https:\/\/mundodocarnaval.com.br\/pt_br\/wp-json\/wp\/v2\/posts"}],"about":[{"href":"https:\/\/mundodocarnaval.com.br\/pt_br\/wp-json\/wp\/v2\/types\/post"}],"author":[{"embeddable":true,"href":"https:\/\/mundodocarnaval.com.br\/pt_br\/wp-json\/wp\/v2\/users\/1"}],"replies":[{"embeddable":true,"href":"https:\/\/mundodocarnaval.com.br\/pt_br\/wp-json\/wp\/v2\/comments?post=3713"}],"version-history":[{"count":1,"href":"https:\/\/mundodocarnaval.com.br\/pt_br\/wp-json\/wp\/v2\/posts\/3713\/revisions"}],"predecessor-version":[{"id":3715,"href":"https:\/\/mundodocarnaval.com.br\/pt_br\/wp-json\/wp\/v2\/posts\/3713\/revisions\/3715"}],"wp:featuredmedia":[{"embeddable":true,"href":"https:\/\/mundodocarnaval.com.br\/pt_br\/wp-json\/wp\/v2\/media\/3716"}],"wp:attachment":[{"href":"https:\/\/mundodocarnaval.com.br\/pt_br\/wp-json\/wp\/v2\/media?parent=3713"}],"wp:term":[{"taxonomy":"category","embeddable":true,"href":"https:\/\/mundodocarnaval.com.br\/pt_br\/wp-json\/wp\/v2\/categories?post=3713"},{"taxonomy":"post_tag","embeddable":true,"href":"https:\/\/mundodocarnaval.com.br\/pt_br\/wp-json\/wp\/v2\/tags?post=3713"}],"curies":[{"name":"wp","href":"https:\/\/api.w.org\/{rel}","templated":true}]}}