{"id":3717,"date":"2025-10-11T02:36:40","date_gmt":"2025-10-11T05:36:40","guid":{"rendered":"https:\/\/mundodocarnaval.com.br\/?p=3717"},"modified":"2025-10-11T02:36:41","modified_gmt":"2025-10-11T05:36:41","slug":"quintal-da-magia-volta-a-rua-com-roda-de-samba","status":"publish","type":"post","link":"https:\/\/mundodocarnaval.com.br\/pt_br\/quintal-da-magia-volta-a-rua-com-roda-de-samba\/","title":{"rendered":"Quintal da Magia volta \u00e0 rua com roda de samba"},"content":{"rendered":"<p>Quintal da Magia volta \u00e0 rua com roda de samba em homenagem \u00e0s Crian\u00e7as e ao Outubro Rosa<\/p>\n<p>O grupo Quintal da Magia realiza, no pr\u00f3ximo s\u00e1bado, 11 de outubro, mais uma edi\u00e7\u00e3o do projeto \u201cQuintal da Magia na Rua\u201d, desta vez dedicada \u00e0 campanha Outubro Rosa. A roda acontece a partir das 18h, na Rua Conde de Agrolongo, na Penha, Zona Norte do Rio.<\/p>\n<p>O projeto \u201cQuintal da Magia na Rua\u201d traduz a for\u00e7a do pertencimento do grupo \u00e0 arte do samba aut\u00eantico. Uma vez por m\u00eas, Jorge Alexandre (voz e repique), Hamilton Fof\u00e3o (cavaco e voz), Leo Cerqueira (tantan e voz) e Gil Calazans (pandeiro) se unem ao p\u00fablico para cantar os sambas que deram origem \u00e0 sua hist\u00f3ria. Criado em 2017, o Quintal da Magia nasceu nas rodas de rua da Penha e hoje acumula f\u00e3s, seguidores e parcerias que moldaram sua trajet\u00f3ria.<\/p>\n<p>Nesta edi\u00e7\u00e3o especial, o encontro incentiva o p\u00fablico a aderir \u00e0 campanha de preven\u00e7\u00e3o ao c\u00e2ncer de mama, refor\u00e7ando a import\u00e2ncia da informa\u00e7\u00e3o e do cuidado coletivo. O repert\u00f3rio inclui composi\u00e7\u00f5es autorais como \u201cParalisou\u201d, \u201cEu Vou Na F\u00e9\u201d e \u201cDiretamente do Quintal\u201d, faixa que deu origem ao lema do grupo: \u201cOnde o samba pega fogo.\u201d<\/p>\n<p>\u201cO samba \u00e9 um lugar de afeto e uni\u00e3o. Nesta edi\u00e7\u00e3o, a gente traz o mesmo esp\u00edrito do nosso quintal, mas com uma mensagem de conscientiza\u00e7\u00e3o. \u00c9 o nosso jeito de apoiar uma causa que toca tantas fam\u00edlias\u201d, destaca o grupo.<\/p>\n<p>A escolha da data n\u00e3o \u00e9 acaso. No m\u00eas em que a Penha celebra sua padroeira e renova suas tradi\u00e7\u00f5es, o Quintal da Magia aproveita para festejar o Dia das Crian\u00e7as e agradecer por todas as conquistas deste ano.<\/p>\n<p>O evento \u00e9 gratuito e conta com apoio institucional da Subprefeitura da Zona Norte.<\/p>\n<p>Servi\u00e7o<br \/>\nQuintal da Magia na Rua \u2013 Edi\u00e7\u00e3o Outubro 2025<br \/>\nData: 11 de outubro (s\u00e1bado)<br \/>\nHor\u00e1rio: A partir das 18h<br \/>\nLocal: Rua Conde Agrolongo, 223 \u2013 Penha, Rio de Janeiro<br \/>\nEvento gratuito<\/p>\n","protected":false},"excerpt":{"rendered":"<p>Quintal da Magia volta \u00e0 rua com roda de samba em homenagem \u00e0s Crian\u00e7as e ao Outubro Rosa O grupo Quintal da Magia realiza, no pr\u00f3ximo s\u00e1bado, 11 de outubro, mais uma edi\u00e7\u00e3o do projeto \u201cQuintal da Magia na Rua\u201d, desta vez dedicada \u00e0 campanha Outubro Rosa. A roda acontece a partir das 18h, na [&hellip;]<\/p>\n","protected":false},"author":1,"featured_media":3718,"comment_status":"closed","ping_status":"closed","sticky":false,"template":"","format":"standard","meta":{"footnotes":""},"categories":[11],"tags":[],"class_list":["post-3717","post","type-post","status-publish","format-standard","has-post-thumbnail","hentry","category-noticias"],"_links":{"self":[{"href":"https:\/\/mundodocarnaval.com.br\/pt_br\/wp-json\/wp\/v2\/posts\/3717","targetHints":{"allow":["GET"]}}],"collection":[{"href":"https:\/\/mundodocarnaval.com.br\/pt_br\/wp-json\/wp\/v2\/posts"}],"about":[{"href":"https:\/\/mundodocarnaval.com.br\/pt_br\/wp-json\/wp\/v2\/types\/post"}],"author":[{"embeddable":true,"href":"https:\/\/mundodocarnaval.com.br\/pt_br\/wp-json\/wp\/v2\/users\/1"}],"replies":[{"embeddable":true,"href":"https:\/\/mundodocarnaval.com.br\/pt_br\/wp-json\/wp\/v2\/comments?post=3717"}],"version-history":[{"count":1,"href":"https:\/\/mundodocarnaval.com.br\/pt_br\/wp-json\/wp\/v2\/posts\/3717\/revisions"}],"predecessor-version":[{"id":3719,"href":"https:\/\/mundodocarnaval.com.br\/pt_br\/wp-json\/wp\/v2\/posts\/3717\/revisions\/3719"}],"wp:featuredmedia":[{"embeddable":true,"href":"https:\/\/mundodocarnaval.com.br\/pt_br\/wp-json\/wp\/v2\/media\/3718"}],"wp:attachment":[{"href":"https:\/\/mundodocarnaval.com.br\/pt_br\/wp-json\/wp\/v2\/media?parent=3717"}],"wp:term":[{"taxonomy":"category","embeddable":true,"href":"https:\/\/mundodocarnaval.com.br\/pt_br\/wp-json\/wp\/v2\/categories?post=3717"},{"taxonomy":"post_tag","embeddable":true,"href":"https:\/\/mundodocarnaval.com.br\/pt_br\/wp-json\/wp\/v2\/tags?post=3717"}],"curies":[{"name":"wp","href":"https:\/\/api.w.org\/{rel}","templated":true}]}}