{"id":3742,"date":"2025-10-11T12:32:49","date_gmt":"2025-10-11T15:32:49","guid":{"rendered":"https:\/\/mundodocarnaval.com.br\/?p=3742"},"modified":"2025-10-11T12:32:50","modified_gmt":"2025-10-11T15:32:50","slug":"unidos-do-jacarezinho-recebe-grande-rio-e-dudu-nobre","status":"publish","type":"post","link":"https:\/\/mundodocarnaval.com.br\/pt_br\/unidos-do-jacarezinho-recebe-grande-rio-e-dudu-nobre\/","title":{"rendered":"Unidos do Jacarezinho recebe Grande Rio e Dudu Nobre"},"content":{"rendered":"<p>Unidos do Jacarezinho recebe Grande Rio e Dudu Nobre na coroa\u00e7\u00e3o da rainha de bateria Karen Lopes durante feijoada neste s\u00e1bado<\/p>\n<p>Grupo S.E.R, cantor Bill Bem Mais e semifinal da disputa de samba completam as atra\u00e7\u00f5es<\/p>\n<p>A Unidos do Jacarezinho promove no pr\u00f3ximo s\u00e1bado, 11 de outubro, mais uma edi\u00e7\u00e3o da sua tradicional feijoada mensal. O evento ser\u00e1 especial. A agremia\u00e7\u00e3o coroar\u00e1 a sua nova rainha de bateria Karen Lopes. Entre as atra\u00e7\u00f5es, a branco e rosa do Jacar\u00e9 receber\u00e1 a coirm\u00e3,Grande Rio, al\u00e9m de shows completos do Grupo S.E.R &#8211; Samba-Enredo de Raiz, do cantor Bill Bem Mais e encerramento de Dudu Nobre. Durante o evento a escola definir\u00e1 os sambas finalistas do concurso de samba-enredo do carnaval 2026.<\/p>\n<p>A agremia\u00e7\u00e3o rosa e branco do Jacar\u00e9 abre \u00e0s portas de sua quadra \u00e0s 14h. A feijoada ser\u00e1 servida por apenas R$ 20,00. Quem quiser adquirir mesa no valor  promocional de forma antecipada, basta acessar o site Sympla. As mesas com 4 lugares e feijoada inclusa custam R$ 150,00 e tamb\u00e9m podem ser adquiridas atrav\u00e9s do WhatsApp da escola 21 98821-3456. O ponto alto da festa \u00e9 a coroa\u00e7\u00e3o da rainha de bateria, Karen Lopes. <\/p>\n<p>Apresentadora, empres\u00e1ria, influenciadora digital e musa da Grande Rio, Karen Lopes tem brilhado no mundo do samba, e agora chega para reinar \u00e0 frente da Bateria Show Mil da Unidos do Jacarezinho, no retorno da escola \u00e0 S\u00e9rie Ouro, representando com samba no p\u00e9 e eleg\u00e2ncia o pavilh\u00e3o da \u00fanica rosa e branco do Carnaval carioca. Com o samba correndo nas veias desde a inf\u00e2ncia, Karen soma nove anos como musa do carnaval do Rio pela Acad\u00eamicos do Grande Rio, onde se destaca por sua beleza, carisma e dedica\u00e7\u00e3o. Mais do que um rosto conhecido, ela simboliza uma nova gera\u00e7\u00e3o de musas: engajada, aut\u00eantica e atuante nos bastidores e ensaios. Ao longo desses nove anos, construiu uma rela\u00e7\u00e3o genu\u00edna com o p\u00fablico, misturando glamour com autenticidade. Seu comprometimento com os projetos sociais ligados ao samba e, principalmente, com a valoriza\u00e7\u00e3o da mulher no Carnaval, \u00e9 parte essencial da sua trajet\u00f3ria.<\/p>\n<p>Confira as parcerias semifinalistas:<\/p>\n<p>Samba 1 &#8211; Partidinho da Mangueira, Serginho Raiz do Jacar\u00e9, Papai Noel do Leblon, Vit\u00f3ria Gomes, R\u00f4mulo Nazareth e Gilmar Ol\u00edmpio<\/p>\n<p>Samba 2 &#8211; Macambira, A. Campe\u00e3o, Juruna Zona Sul, Waltinho Xavier, L\u00edcio P\u00e1dua, Robinho da Portela, Jorginho PQD e Darlem Chopp Brahma<\/p>\n<p>Samba 4 \u2013 Edson Jacar\u00e9, Claudio Vagareza , Fabr\u00edcio Amaral, Cosme Ara\u00fajo, Roxinho, Sidnei Miranda, Nino Smith e Henrique C\u00e9sar<\/p>\n<p>Samba 5 &#8211; Neguinho da Beira, Marcelo Poesia, Bruno Camarote, Hailton Lima, Ricardo Constru\u00e7\u00e3o, Vin\u00edcius Bin Laden, Dudu de Paula e Cristiane Mazarim<\/p>\n<p>Samba 6 &#8211; Paulinho Bandolim, Tomate Show, Rodrigo Jacopetti, Bruno Dallari, Godoi, Guto Cacha\u00e7a, Dod\u00f4 Ananias e Rafa Cria<\/p>\n<p>Samba 8 &#8211; Pedrinho da Flor, Karlinhos Madureira, Jorge Matos, Alexandre Cabe\u00e7a, Hugo Rosa, Regiane Guerra, Josemar Manfredini e Alem\u00e3o SP<\/p>\n<p>A Unidos do Jacarezinho abrir\u00e1 os desfiles da sexta-feira de carnaval, dia 13 de fevereiro, com o enredo \u201cO ar que se respira agora agora inspira novos tempos\u201d, uma homenagem ao compositor, cantor e ator Xande de Pilares, filho da comunidade.<\/p>\n<p>A quadra da escola fica localizada na Avenida Dom H\u00e9lder C\u00e2mara n\u00ba 2233.<\/p>\n<p>Servi\u00e7o:<\/p>\n<p>Feijoada do Jacarezinho \u2013 Coroa\u00e7\u00e3o da Rainha de Bateria Karen Lopes e Semifinal de Samba-Enredo<\/p>\n<p>Atra\u00e7\u00f5es: Bill Bem Mais, Grupo S.E.R, Grande Rio e Dudu Nobre<\/p>\n<p>Dia 11 de outubro de 2025<\/p>\n<p>Local: Quadra da escola \u2013 Avenida Dom H\u00e9lder C\u00e2mara, 2233 \u2013 Jacar\u00e9,<\/p>\n<p>Hor\u00e1rio das 14:00 \u00e0s 2:00<\/p>\n<p>Classifica\u00e7\u00e3o Livre<\/p>\n<p>Ingressos: Pista: R$ 20,00\/ Mesa com 4 convites e 4 feijoadas \u2013 R$ 150,00 \/ Camarotes Esgotados<\/p>\n<p>Link de Vendas Antecipadas &#8211; https:\/\/www.sympla.com.br\/evento\/feijoada-do-jacarezinho\/3153727.<\/p>\n<p>Fotos: Gabriel Belmiro <\/p>\n","protected":false},"excerpt":{"rendered":"<p>Unidos do Jacarezinho recebe Grande Rio e Dudu Nobre na coroa\u00e7\u00e3o da rainha de bateria Karen Lopes durante feijoada neste s\u00e1bado Grupo S.E.R, cantor Bill Bem Mais e semifinal da disputa de samba completam as atra\u00e7\u00f5es A Unidos do Jacarezinho promove no pr\u00f3ximo s\u00e1bado, 11 de outubro, mais uma edi\u00e7\u00e3o da sua tradicional feijoada mensal. [&hellip;]<\/p>\n","protected":false},"author":1,"featured_media":3743,"comment_status":"closed","ping_status":"closed","sticky":false,"template":"","format":"standard","meta":{"footnotes":""},"categories":[13],"tags":[],"class_list":["post-3742","post","type-post","status-publish","format-standard","has-post-thumbnail","hentry","category-fashion"],"_links":{"self":[{"href":"https:\/\/mundodocarnaval.com.br\/pt_br\/wp-json\/wp\/v2\/posts\/3742","targetHints":{"allow":["GET"]}}],"collection":[{"href":"https:\/\/mundodocarnaval.com.br\/pt_br\/wp-json\/wp\/v2\/posts"}],"about":[{"href":"https:\/\/mundodocarnaval.com.br\/pt_br\/wp-json\/wp\/v2\/types\/post"}],"author":[{"embeddable":true,"href":"https:\/\/mundodocarnaval.com.br\/pt_br\/wp-json\/wp\/v2\/users\/1"}],"replies":[{"embeddable":true,"href":"https:\/\/mundodocarnaval.com.br\/pt_br\/wp-json\/wp\/v2\/comments?post=3742"}],"version-history":[{"count":1,"href":"https:\/\/mundodocarnaval.com.br\/pt_br\/wp-json\/wp\/v2\/posts\/3742\/revisions"}],"predecessor-version":[{"id":3744,"href":"https:\/\/mundodocarnaval.com.br\/pt_br\/wp-json\/wp\/v2\/posts\/3742\/revisions\/3744"}],"wp:featuredmedia":[{"embeddable":true,"href":"https:\/\/mundodocarnaval.com.br\/pt_br\/wp-json\/wp\/v2\/media\/3743"}],"wp:attachment":[{"href":"https:\/\/mundodocarnaval.com.br\/pt_br\/wp-json\/wp\/v2\/media?parent=3742"}],"wp:term":[{"taxonomy":"category","embeddable":true,"href":"https:\/\/mundodocarnaval.com.br\/pt_br\/wp-json\/wp\/v2\/categories?post=3742"},{"taxonomy":"post_tag","embeddable":true,"href":"https:\/\/mundodocarnaval.com.br\/pt_br\/wp-json\/wp\/v2\/tags?post=3742"}],"curies":[{"name":"wp","href":"https:\/\/api.w.org\/{rel}","templated":true}]}}