{"id":3745,"date":"2025-10-11T12:37:24","date_gmt":"2025-10-11T15:37:24","guid":{"rendered":"https:\/\/mundodocarnaval.com.br\/?p=3745"},"modified":"2025-10-11T16:09:09","modified_gmt":"2025-10-11T19:09:09","slug":"unidos-de-padre-miguel-lanca-o-audio-oficial","status":"publish","type":"post","link":"https:\/\/mundodocarnaval.com.br\/pt_br\/unidos-de-padre-miguel-lanca-o-audio-oficial\/","title":{"rendered":"Unidos de Padre Miguel lan\u00e7a o \u00e1udio oficial"},"content":{"rendered":"<p>Unidos de Padre Miguel lan\u00e7a o \u00e1udio do samba-enredo 2026<br \/>\nA Unidos de Padre Miguel lan\u00e7ou nesta semana o \u00e1udio do samba-enredo que embalar\u00e1 o desfile de 2026, ano em que a Vermelha e Branca da Vila Vint\u00e9m busca o retorno ao Grupo Especial do Carnaval Carioca. A nova vers\u00e3o do samba apresenta pequenas altera\u00e7\u00f5es em rela\u00e7\u00e3o \u00e0 que venceu a disputa.  As modifica\u00e7\u00f5es aparecem em negrito na letra do samba abaixo. <\/p>\n<p>Essas mudan\u00e7as refor\u00e7am o cuidado da escola em valorizar as refer\u00eancias culturais e espirituais que inspiram o enredo, mantendo a for\u00e7a e o respeito \u00e0 ancestralidade ind\u00edgena. Com uma melodia marcante e versos que exaltam coragem, resist\u00eancia e identidade, o samba presta homenagem \u00e0 guerreira ind\u00edgena Clara Camar\u00e3o, s\u00edmbolo de for\u00e7a feminina e lideran\u00e7a entre os povos origin\u00e1rios. O enredo \u00e9 desenvolvido pelo carnavalesco Lucas Milato, que promete um desfile grandioso e cheio de emo\u00e7\u00e3o na Marqu\u00eas de Sapuca\u00ed.<\/p>\n<p>A obra \u00e9 assinada pelos compositores Thiago Vaz, Jefinho Rodrigues, W. Correa, Richard Valen\u00e7a, Miguel Dibo e Cabe\u00e7a do Ajax, e chega em grava\u00e7\u00e3o de est\u00fadio com toda a energia e musicalidade do int\u00e9rprete Bruno Ribas e o carro de som da Unidos de Padre Miguel, com dire\u00e7\u00e3o musical de J\u00falio Assis. <\/p>\n<p>LETRA DO SAMBA<br \/>\nQUEM VEM L\u00c1?<\/p>\n<p>\u00c9 A UNIDOS DE PADRE MIGUEL<\/p>\n<p>A CHAMA DA IRA TERRENA, QUE EVOCA O SAGRADO DO C\u00c9U<\/p>\n<p>GIRANDO INICIA O TOR\u00c9, HERAN\u00c7A DOS MEUS ANCESTRAIS<\/p>\n<p>O PASSO MARCADO, NAS M\u00c3OS MARAC\u00c1S<\/p>\n<p>VIRADO NO MEU JUREM\u00c1<\/p>\n<p>PAJ\u00c9 REVELOU A MISS\u00c3O<\/p>\n<p>A MATA \u00c9 DE CLARA CAMAR\u00c3O<\/p>\n<p>KUNHA ET\u00c9, SOBRENOME RESISTIR<\/p>\n<p>SANGUE URUCUM AS MARGENS DO POTENGI<\/p>\n<p>SENHORA M\u00c3E D\u2019\u00c1GUA DESPERTA A FINA FLOR<\/p>\n<p>POTI, POTIGUARA EM NOME DO AMOR<\/p>\n<p>QUANDO ECOA O TAMBOR, VIBRA A ALMA DA FLORESTA<\/p>\n<p>NESSE SOLO DE GUERREIROS, O CORPO SE MANIFESTA<\/p>\n<p>FIRMA O P\u00c9, EMPUNHA A LAN\u00c7A, QUE A JUSTI\u00c7A VEM \u00c0 TONA<\/p>\n<p>A NOSSA ALDEIA AVISA: ESSA TERRA AQUI TEM DONA!<\/p>\n<p>NATIVA, LIDERA MULHERES EM TANTAS BATALHAS<\/p>\n<p>MURALHA INVIS\u00cdVEL QUE O TEMPO DESPIU<\/p>\n<p>BRASIL, NA TUA JUREMA QUE HABITA O SACR\u00c1RIO<\/p>\n<p>LE\u00c3O \u00c9 INVASOR, REI \u00c9 O POVO ORIGIN\u00c1RIO<\/p>\n<p>\u00ca CABOCLA DA PELE MORENA<\/p>\n<p>TEM DO\u00c7URA, TEM ENCANTO, NO ENTANTO N\u00c3O TEM PENA<\/p>\n<p>DAS \u00c1GUAS SAGRADAS AOS SERES DE LUZ<\/p>\n<p>ENTREGO O CAMINHO A QUEM ME CONDUZ<\/p>\n<p>\u00c9 \u201cCLARA\u201d ESSA FOR\u00c7A QUE FAZ IR AL\u00c9M<\/p>\n<p>INCORPORADA NO POVO DA VILA VINT\u00c9M<\/p>\n<p>VAI MEU BOI VERMELHO, HONRE A TUA HIST\u00d3RIA<\/p>\n<p>E SEJA A FLECHA VIVA DA MEM\u00d3RIA<\/p>\n<p>QUANTAS VEZES FOR PRECISO, HAVER\u00c1 RENASCIMENTO<\/p>\n<p>PRA QUE A VERDADE N\u00c3O CAIA NO ESQUECIMENTO<br \/>\nLink do V\u00eddeo do samba-enredo<br \/>\nhttps:\/\/youtu.be\/F_Lz9WNy5_o<\/p>\n","protected":false},"excerpt":{"rendered":"<p>Unidos de Padre Miguel lan\u00e7a o \u00e1udio do samba-enredo 2026 A Unidos de Padre Miguel lan\u00e7ou nesta semana o \u00e1udio do samba-enredo que embalar\u00e1 o desfile de 2026, ano em que a Vermelha e Branca da Vila Vint\u00e9m busca o retorno ao Grupo Especial do Carnaval Carioca. A nova vers\u00e3o do samba apresenta pequenas altera\u00e7\u00f5es [&hellip;]<\/p>\n","protected":false},"author":1,"featured_media":3746,"comment_status":"closed","ping_status":"closed","sticky":false,"template":"","format":"standard","meta":{"footnotes":""},"categories":[13],"tags":[],"class_list":["post-3745","post","type-post","status-publish","format-standard","has-post-thumbnail","hentry","category-fashion"],"_links":{"self":[{"href":"https:\/\/mundodocarnaval.com.br\/pt_br\/wp-json\/wp\/v2\/posts\/3745","targetHints":{"allow":["GET"]}}],"collection":[{"href":"https:\/\/mundodocarnaval.com.br\/pt_br\/wp-json\/wp\/v2\/posts"}],"about":[{"href":"https:\/\/mundodocarnaval.com.br\/pt_br\/wp-json\/wp\/v2\/types\/post"}],"author":[{"embeddable":true,"href":"https:\/\/mundodocarnaval.com.br\/pt_br\/wp-json\/wp\/v2\/users\/1"}],"replies":[{"embeddable":true,"href":"https:\/\/mundodocarnaval.com.br\/pt_br\/wp-json\/wp\/v2\/comments?post=3745"}],"version-history":[{"count":4,"href":"https:\/\/mundodocarnaval.com.br\/pt_br\/wp-json\/wp\/v2\/posts\/3745\/revisions"}],"predecessor-version":[{"id":3756,"href":"https:\/\/mundodocarnaval.com.br\/pt_br\/wp-json\/wp\/v2\/posts\/3745\/revisions\/3756"}],"wp:featuredmedia":[{"embeddable":true,"href":"https:\/\/mundodocarnaval.com.br\/pt_br\/wp-json\/wp\/v2\/media\/3746"}],"wp:attachment":[{"href":"https:\/\/mundodocarnaval.com.br\/pt_br\/wp-json\/wp\/v2\/media?parent=3745"}],"wp:term":[{"taxonomy":"category","embeddable":true,"href":"https:\/\/mundodocarnaval.com.br\/pt_br\/wp-json\/wp\/v2\/categories?post=3745"},{"taxonomy":"post_tag","embeddable":true,"href":"https:\/\/mundodocarnaval.com.br\/pt_br\/wp-json\/wp\/v2\/tags?post=3745"}],"curies":[{"name":"wp","href":"https:\/\/api.w.org\/{rel}","templated":true}]}}